{"id":223055,"date":"2015-12-11T11:32:31","date_gmt":"2015-12-11T09:32:31","guid":{"rendered":"http:\/\/www.nationalturk.com\/?p=223055"},"modified":"2015-12-11T11:32:31","modified_gmt":"2015-12-11T09:32:31","slug":"can-dundar-ve-erdem-gulde-yeni-gelisme-223055","status":"publish","type":"post","link":"https:\/\/www.nationalturk.com\/tr\/can-dundar-ve-erdem-gulde-yeni-gelisme-223055\/","title":{"rendered":"Can D\u00fcndar ve Erdem G\u00fcl&#8217;de yeni geli\u015fme"},"content":{"rendered":"<p><img loading=\"lazy\" decoding=\"async\" class=\"alignnone size-large wp-image-223056\" src=\"http:\/\/www.nationalturk.com\/tr\/wp-content\/uploads\/2015\/12\/can_dundar_adliye-571x360.jpg\" alt=\"Can D\u00fcndar\" width=\"610\" height=\"400\" title=\"\"><\/p>\n<h1>Cumhuriyet Gazetesi Genel Yay\u0131n Y\u00f6netmeni D\u00fcndar ve Ankara Temsilcisi G\u00fcl&#8217;\u00fcn tahliye edilmesine y\u00f6nelik ba\u015fvuru, tutuklamay\u0131 sonland\u0131racak yeni delil olmad\u0131\u011f\u0131 gerek\u00e7esiyle reddedildi.<\/h1>\n<p>Cumhuriyet gazetesinde, M\u0130T&#8217;e ait yard\u0131m t\u0131rlar\u0131n\u0131n durdurulmas\u0131 olay\u0131na ili\u015fkin gizli kalmas\u0131 gereken bilgi ve foto\u011fraflara yer verdikleri gerek\u00e7esiyle tutuklanan gazetenin genel yay\u0131n y\u00f6netmeni Can D\u00fcndar ile Ankara temsilcisi Erdem G\u00fcl&#8217;\u00fcn tahliye talepleri, tutuklamay\u0131 sonland\u0131racak yeni delil olmad\u0131\u011f\u0131 gerek\u00e7esiyle reddedildi.<\/p>\n<p>\u0130stanbul Cumhuriyet Ba\u015fsavc\u0131l\u0131\u011f\u0131&#8217;nca y\u00fcr\u00fct\u00fclen soru\u015fturma kapsam\u0131nda 26 Kas\u0131m&#8217;da tutuklanan D\u00fcndar ve G\u00fcl&#8217;\u00fcn avukatlar\u0131n\u0131n, m\u00fcvekkilleri hakk\u0131ndaki tutukluluk karar\u0131n\u0131n kald\u0131r\u0131larak tahliye edilmelerine ili\u015fkin 7 Aral\u0131k&#8217;ta yapt\u0131klar\u0131 itiraz ba\u015fvurusunu, n\u00f6bet\u00e7i \u0130stanbul 7. Sulh Ceza Hakimli\u011fi de\u011ferlendirdi.<\/p>\n<p>&#8211; &#8220;Yeni delil yok&#8221;<\/p>\n<p>Hakimlik, karar\u0131nda, &#8220;silahl\u0131 ter\u00f6r \u00f6rg\u00fct\u00fcne \u00fcye olma, devletin gizli kalmas\u0131 gereken bilgilerini siyasal ve askeri casusluk amac\u0131yla temin etme ve devletin g\u00fcvenli\u011fine ili\u015fkin gizli kalmas\u0131 gereken bilgileri casusluk maksad\u0131yla a\u00e7\u0131klama&#8221; su\u00e7lar\u0131ndan tutuklu bulunan D\u00fcndar ve G\u00fcl hakk\u0131ndaki tahliye talebinin, &#8220;dosyada tutukluluk halinin sonland\u0131r\u0131lmas\u0131n\u0131 gerektirecek bir delil bulunmad\u0131\u011f\u0131, delillerin hen\u00fcz toplanmad\u0131\u011f\u0131 ve \u0130stanbul 7. Sulh Ceza Hakimli\u011fi karar\u0131n\u0131n usul ve yasaya uygun oldu\u011fu&#8221; gerek\u00e7eleriyle reddine h\u00fckmetti.<\/p>\n<p>\u015e\u00fcphelilerin avukatlar\u0131nca hakimli\u011fe sunulan tahliye talepli dilek\u00e7ede, D\u00fcndar ve G\u00fcl&#8217;\u00fcn ka\u00e7ma \u015f\u00fcphesini g\u00f6steren somut olgular bulunmad\u0131\u011f\u0131 ve delilleri karartma ihtimalleri olmad\u0131\u011f\u0131 gerek\u00e7esiyle tahliye edilmeleri istenmi\u015f, tutuklama karar\u0131n\u0131n yasaya ayk\u0131r\u0131 oldu\u011fu iddia edilmi\u015fti.<\/p>\n<p>&#8211; Tutuklamaya itiraz<\/p>\n<p>D\u00fcndar ve G\u00fcl, 26 Kas\u0131m&#8217;da n\u00f6bet\u00e7i \u0130stanbul 7. Sulh Ceza Hakimli\u011fi taraf\u0131ndan &#8220;silahl\u0131 ter\u00f6r \u00f6rg\u00fct\u00fcne \u00fcye olma, devletin gizli kalmas\u0131 gereken bilgilerini siyasal ve askeri casusluk amac\u0131yla temin etme ve devletin g\u00fcvenli\u011fine ili\u015fkin gizli kalmas\u0131 gereken bilgileri casusluk maksad\u0131yla a\u00e7\u0131klama&#8221; su\u00e7lar\u0131ndan tutuklanm\u0131\u015ft\u0131.<\/p>\n<p>\u015e\u00fcphelilerin avukatlar\u0131nca 30 Kas\u0131m&#8217;da tutuklama karar\u0131 veren hakimli\u011fe itirazda bulunulmu\u015f, hakimlik\u00e7e yap\u0131lan de\u011ferlendirmede bu itiraz ba\u015fvurusu reddedilerek, dosya, bir \u00fcst mahkeme olan \u0130stanbul 8. Sulh Ceza Hakimli\u011fi&#8217;ne y\u00f6nlendirilmi\u015fti.<\/p>\n<p>\u0130tiraz dilek\u00e7esinde, &#8220;Biz \u00fczerimize d\u00fc\u015feni yap\u0131yor ve anayasaya, yasalara, Avrupa \u0130nsan Haklar\u0131 S\u00f6zle\u015fmesi&#8217;ne ve Avrupa \u0130nsan Haklar\u0131 Mahkemesi kararlar\u0131na ayk\u0131r\u0131 tutuklama kararlar\u0131na itiraz ediyoruz. Gerisi sizin bilece\u011finiz i\u015f. Tercih ve sorumluluk sizindir&#8221; denilmi\u015fti.<\/p>\n<p>Talebi de\u011ferlendiren \u0130stanbul 8. Sulh Ceza Hakimli\u011fi de &#8220;Bas\u0131n Kanunu&#8217;nun 11. maddesinin cezai sorumlulu\u011fu d\u00fczenledi\u011fi ve gazetecilerin de haber yaparken i\u00e7inde ya\u015fad\u0131klar\u0131 ve vatanda\u015f\u0131 olduklar\u0131 devletin kanunlar\u0131na ve yarg\u0131 kararlar\u0131na uymak zorunda bulunduklar\u0131&#8221; ifadesine yer verdi\u011fi karar\u0131nda, itiraz taleplerini reddetmi\u015fti.<\/p>\n<!-- Error, Advert is not available at this time due to schedule\/geolocation restrictions! -->\n","protected":false},"excerpt":{"rendered":"<p>Cumhuriyet Gazetesi Genel Yay\u0131n Y\u00f6netmeni D\u00fcndar ve Ankara Temsilcisi G\u00fcl&#8217;\u00fcn tahliye edilmesine y\u00f6nelik ba\u015fvuru, tutuklamay\u0131 sonland\u0131racak yeni delil olmad\u0131\u011f\u0131 gerek\u00e7esiyle reddedildi.<\/p>\n","protected":false},"author":4,"featured_media":223057,"comment_status":"open","ping_status":"open","sticky":false,"template":"","format":"standard","meta":{"_acf_changed":false,"footnotes":""},"categories":[6155,5005,6667,6202,349,6805],"tags":[13755,190950,32322,32323,199164],"class_list":["post-223055","post","type-post","status-publish","format-standard","has-post-thumbnail","hentry","category-gundem","category-manset","category-medya","category-politika","category-son-dakika","category-turkiye","tag-can-dundar","tag-can-dundar-son-durum","tag-cumhuriyet","tag-cumhuriyet-gazetesi","tag-erdem-gul"],"acf":[],"_links":{"self":[{"href":"https:\/\/www.nationalturk.com\/tr\/wp-json\/wp\/v2\/posts\/223055","targetHints":{"allow":["GET"]}}],"collection":[{"href":"https:\/\/www.nationalturk.com\/tr\/wp-json\/wp\/v2\/posts"}],"about":[{"href":"https:\/\/www.nationalturk.com\/tr\/wp-json\/wp\/v2\/types\/post"}],"author":[{"embeddable":true,"href":"https:\/\/www.nationalturk.com\/tr\/wp-json\/wp\/v2\/users\/4"}],"replies":[{"embeddable":true,"href":"https:\/\/www.nationalturk.com\/tr\/wp-json\/wp\/v2\/comments?post=223055"}],"version-history":[{"count":0,"href":"https:\/\/www.nationalturk.com\/tr\/wp-json\/wp\/v2\/posts\/223055\/revisions"}],"wp:featuredmedia":[{"embeddable":true,"href":"https:\/\/www.nationalturk.com\/tr\/wp-json\/wp\/v2\/media\/223057"}],"wp:attachment":[{"href":"https:\/\/www.nationalturk.com\/tr\/wp-json\/wp\/v2\/media?parent=223055"}],"wp:term":[{"taxonomy":"category","embeddable":true,"href":"https:\/\/www.nationalturk.com\/tr\/wp-json\/wp\/v2\/categories?post=223055"},{"taxonomy":"post_tag","embeddable":true,"href":"https:\/\/www.nationalturk.com\/tr\/wp-json\/wp\/v2\/tags?post=223055"}],"curies":[{"name":"wp","href":"https:\/\/api.w.org\/{rel}","templated":true}]}}