{"id":223258,"date":"2015-12-15T13:46:56","date_gmt":"2015-12-15T11:46:56","guid":{"rendered":"http:\/\/www.nationalturk.com\/?p=223258"},"modified":"2015-12-15T13:46:56","modified_gmt":"2015-12-15T11:46:56","slug":"son-dakika-euro-2016-hakemleri-aciklandi-223258","status":"publish","type":"post","link":"https:\/\/www.nationalturk.com\/tr\/son-dakika-euro-2016-hakemleri-aciklandi-223258\/","title":{"rendered":"Son Dakika: Euro 2016 hakemleri a\u00e7\u0131kland\u0131"},"content":{"rendered":"<p><img loading=\"lazy\" decoding=\"async\" class=\"alignnone size-large wp-image-223259\" src=\"http:\/\/www.nationalturk.com\/tr\/wp-content\/uploads\/2015\/12\/cuneyt_cakir_brezilya_meksika-540x360.jpg\" alt=\"C\u00fcneyt \u00c7ak\u0131r\" width=\"610\" height=\"390\" title=\"\"><\/p>\n<h1>Fransa&#8217;da d\u00fczenlenecek EURO 2016&#8217;da A Milli Tak\u0131m\u0131m\u0131z&#8217;la birlikte FIFA kokartl\u0131 hakem C\u00fcneyt \u00c7ak\u0131r da g\u00f6rev yapacak.<\/h1>\n<p>UEFA, Fransa&#8217;daki Euro 2016 hakemlerini a\u00e7\u0131klad\u0131.\u00a018 ki\u015filik hakem listesinde C\u00fcneyt \u00c7ak\u0131r da kendisine yer buldu. C\u00fcneyt \u00c7ak\u0131r, yard\u0131mc\u0131lar\u0131yla birlikte Fransa&#8217;daki turnuvada g\u00f6rev yapacak.\u00a0\u00c7ak\u0131r, 2014&#8217;te Brezilya&#8217;da d\u00fczenlenen D\u00fcnya Kupas\u0131 Finalleri&#8217;nde de g\u00f6rev yapm\u0131\u015f, Arjantin ile Hollanda aras\u0131nda oynanan yar\u0131 finalde d\u00fcd\u00fck \u00e7alm\u0131\u015ft\u0131.<\/p>\n<p>C\u00fcneyt \u00c7ak\u0131r&#8217;\u0131n d\u0131\u015f\u0131nda finallerde g\u00f6rev yapacak di\u011fer hakemler \u015f\u00f6yle:<\/p>\n<p>Martin Atkinson (\u0130ngiltere)<br \/>\nFelix Brych (Almanya)<br \/>\nMark Clattenburg (\u0130ngiltere)<br \/>\nWilliam Collum (\u0130sko\u00e7ya)<br \/>\nJonas Eriksson (\u0130sve\u00e7)<br \/>\nOvidiu Hategan (Romanya)<br \/>\nSergey Karasev (Rusya)<br \/>\nViktor Kassai (Macaristan)<br \/>\nPavel Kralovec (\u00c7ek Cumhuriyeti)<br \/>\nBj\u00f6rn Kuipers (Hollanda)<br \/>\nSzymon Marciniak (Polonya)<br \/>\nMilorad Mazic (S\u0131rbistan)<br \/>\nSevin Moen (Norve\u00e7)<br \/>\nNicola Rizzoli (\u0130talya)<br \/>\nDamir Skomina (Slovenya)<br \/>\nClement Turpin (Fransa)<br \/>\nCarlos Velasco Carballo (\u0130spanya)<\/p>\n<!-- Error, Advert is not available at this time due to schedule\/geolocation restrictions! -->\n","protected":false},"excerpt":{"rendered":"<p>Fransa&#8217;da d\u00fczenlenecek EURO 2016&#8217;da A Milli Tak\u0131m\u0131m\u0131z&#8217;la birlikte FIFA kokartl\u0131 hakem C\u00fcneyt \u00c7ak\u0131r da g\u00f6rev yapacak.<\/p>\n","protected":false},"author":4,"featured_media":223260,"comment_status":"open","ping_status":"open","sticky":false,"template":"","format":"standard","meta":{"_acf_changed":false,"footnotes":""},"categories":[6774,349,6194],"tags":[12376,199826,21765,27572,199827,17],"class_list":["post-223258","post","type-post","status-publish","format-standard","has-post-thumbnail","hentry","category-futbol","category-son-dakika","category-spor","tag-cuneyt-cakir","tag-cuneyt-cakir-euro-2016","tag-euro-2016","tag-euro-2016-fransa","tag-euro-2016-hakemler","tag-fransa"],"acf":[],"_links":{"self":[{"href":"https:\/\/www.nationalturk.com\/tr\/wp-json\/wp\/v2\/posts\/223258","targetHints":{"allow":["GET"]}}],"collection":[{"href":"https:\/\/www.nationalturk.com\/tr\/wp-json\/wp\/v2\/posts"}],"about":[{"href":"https:\/\/www.nationalturk.com\/tr\/wp-json\/wp\/v2\/types\/post"}],"author":[{"embeddable":true,"href":"https:\/\/www.nationalturk.com\/tr\/wp-json\/wp\/v2\/users\/4"}],"replies":[{"embeddable":true,"href":"https:\/\/www.nationalturk.com\/tr\/wp-json\/wp\/v2\/comments?post=223258"}],"version-history":[{"count":0,"href":"https:\/\/www.nationalturk.com\/tr\/wp-json\/wp\/v2\/posts\/223258\/revisions"}],"wp:featuredmedia":[{"embeddable":true,"href":"https:\/\/www.nationalturk.com\/tr\/wp-json\/wp\/v2\/media\/223260"}],"wp:attachment":[{"href":"https:\/\/www.nationalturk.com\/tr\/wp-json\/wp\/v2\/media?parent=223258"}],"wp:term":[{"taxonomy":"category","embeddable":true,"href":"https:\/\/www.nationalturk.com\/tr\/wp-json\/wp\/v2\/categories?post=223258"},{"taxonomy":"post_tag","embeddable":true,"href":"https:\/\/www.nationalturk.com\/tr\/wp-json\/wp\/v2\/tags?post=223258"}],"curies":[{"name":"wp","href":"https:\/\/api.w.org\/{rel}","templated":true}]}}