{"id":223407,"date":"2015-12-18T11:13:35","date_gmt":"2015-12-18T09:13:35","guid":{"rendered":"http:\/\/www.nationalturk.com\/?p=223407"},"modified":"2015-12-18T11:13:35","modified_gmt":"2015-12-18T09:13:35","slug":"fenerbahceli-genc-yuzucuden-dunya-rekoru-223407","status":"publish","type":"post","link":"https:\/\/www.nationalturk.com\/tr\/fenerbahceli-genc-yuzucuden-dunya-rekoru-223407\/","title":{"rendered":"Fenerbah\u00e7eli gen\u00e7 y\u00fcz\u00fcc\u00fcden d\u00fcnya rekoru"},"content":{"rendered":"<p><img loading=\"lazy\" decoding=\"async\" class=\"alignnone size-large wp-image-223408\" src=\"http:\/\/www.nationalturk.com\/tr\/wp-content\/uploads\/2015\/12\/yuzme-610x353.jpg\" alt=\"\" width=\"610\" height=\"353\" title=\"\" srcset=\"https:\/\/www.nationalturk.com\/tr\/wp-content\/uploads\/2015\/12\/yuzme-610x353.jpg 610w, https:\/\/www.nationalturk.com\/tr\/wp-content\/uploads\/2015\/12\/yuzme-280x162.jpg 280w, https:\/\/www.nationalturk.com\/tr\/wp-content\/uploads\/2015\/12\/yuzme.jpg 614w\" sizes=\"auto, (max-width: 610px) 100vw, 610px\" \/><\/p>\n<h1>Turkcell A\u00e7\u0131k Ya\u015f K\u0131sa Kulvar Y\u00fczme \u015eampiyonas\u0131&#8217;nda Emre Sak\u00e7\u0131, erkekler 50 metre kurba\u011falamada, gen\u00e7ler d\u00fcnya rekorunun yeni sahibi olarak bir ilke imza att\u0131.<\/h1>\n<p>T\u00fcrkiye Y\u00fczme Federasyonu&#8217;ndan yap\u0131lan a\u00e7\u0131klamaya g\u00f6re, \u0130stanbul&#8217;daki Tozkoparan Y\u00fczme Havuzu&#8217;nda ger\u00e7ekle\u015ftirilen \u015fampiyonan\u0131n 2. g\u00fcn sabah seans\u0131nda, erkekler 50 metre kurba\u011falama se\u00e7melerinde yar\u0131\u015fan Fenerbah\u00e7eli y\u00fcz\u00fcc\u00fc, 26.67&#8217;lik zaman\u0131yla gen\u00e7ler d\u00fcnya rekorunu k\u0131rd\u0131.<\/p>\n<p>Uluslararas\u0131 Y\u00fczme Federasyonu (FINA) taraf\u0131ndan bu kategoride y\u0131l\u0131n en iyi zaman\u0131 olarak belirtilen 27.05&#8217;i ge\u00e7en Emre, d\u00fcnya rekoruna imza atarak, erkeklerde t\u00fcm ya\u015f gruplar\u0131nda d\u00fcnya rekoru k\u0131ran ilk T\u00fcrk sporcu oldu.<\/p>\n<p>Emre, yar\u0131\u015fmalar\u0131n ilk g\u00fcn\u00fcnde 47.27&#8217;lik derecesiyle erkekler 100 metre serbestte birinci olmu\u015f ve d\u00fcnya gen\u00e7ler rekorunun 0.07 saniye gerisinde kalm\u0131\u015ft\u0131.<\/p>\n<!-- Error, Advert is not available at this time due to schedule\/geolocation restrictions! -->\n","protected":false},"excerpt":{"rendered":"<p>Turkcell A\u00e7\u0131k Ya\u015f K\u0131sa Kulvar Y\u00fczme \u015eampiyonas\u0131&#8217;nda Emre Sak\u00e7\u0131, erkekler 50 metre kurba\u011falamada, gen\u00e7ler d\u00fcnya rekorunun yeni sahibi olarak bir ilke imza att\u0131.<\/p>\n","protected":false},"author":4,"featured_media":223409,"comment_status":"open","ping_status":"open","sticky":false,"template":"","format":"standard","meta":{"_acf_changed":false,"footnotes":""},"categories":[5005,349,6194,6777],"tags":[849],"class_list":["post-223407","post","type-post","status-publish","format-standard","has-post-thumbnail","hentry","category-manset","category-son-dakika","category-spor","category-su-sporlari","tag-fenerbahce"],"acf":[],"_links":{"self":[{"href":"https:\/\/www.nationalturk.com\/tr\/wp-json\/wp\/v2\/posts\/223407","targetHints":{"allow":["GET"]}}],"collection":[{"href":"https:\/\/www.nationalturk.com\/tr\/wp-json\/wp\/v2\/posts"}],"about":[{"href":"https:\/\/www.nationalturk.com\/tr\/wp-json\/wp\/v2\/types\/post"}],"author":[{"embeddable":true,"href":"https:\/\/www.nationalturk.com\/tr\/wp-json\/wp\/v2\/users\/4"}],"replies":[{"embeddable":true,"href":"https:\/\/www.nationalturk.com\/tr\/wp-json\/wp\/v2\/comments?post=223407"}],"version-history":[{"count":0,"href":"https:\/\/www.nationalturk.com\/tr\/wp-json\/wp\/v2\/posts\/223407\/revisions"}],"wp:featuredmedia":[{"embeddable":true,"href":"https:\/\/www.nationalturk.com\/tr\/wp-json\/wp\/v2\/media\/223409"}],"wp:attachment":[{"href":"https:\/\/www.nationalturk.com\/tr\/wp-json\/wp\/v2\/media?parent=223407"}],"wp:term":[{"taxonomy":"category","embeddable":true,"href":"https:\/\/www.nationalturk.com\/tr\/wp-json\/wp\/v2\/categories?post=223407"},{"taxonomy":"post_tag","embeddable":true,"href":"https:\/\/www.nationalturk.com\/tr\/wp-json\/wp\/v2\/tags?post=223407"}],"curies":[{"name":"wp","href":"https:\/\/api.w.org\/{rel}","templated":true}]}}