{"id":223661,"date":"2015-12-24T12:17:37","date_gmt":"2015-12-24T10:17:37","guid":{"rendered":"http:\/\/www.nationalturk.com\/?p=223661"},"modified":"2022-09-24T19:39:15","modified_gmt":"2022-09-24T16:39:15","slug":"japonya-2-reaktoru-yeniden-baslatiyor-223661","status":"publish","type":"post","link":"https:\/\/www.nationalturk.com\/tr\/japonya-2-reaktoru-yeniden-baslatiyor-223661\/","title":{"rendered":"Japonya 2 reakt\u00f6r\u00fc yeniden ba\u015flat\u0131yor"},"content":{"rendered":"<p><img loading=\"lazy\" decoding=\"async\" class=\"alignnone size-large wp-image-223662\" src=\"http:\/\/www.nationalturk.com\/tr\/wp-content\/uploads\/2015\/12\/japonya_nukleer_reaktor-540x360.jpg\" alt=\"Japonya\" width=\"610\" height=\"410\" title=\"\" srcset=\"https:\/\/www.nationalturk.com\/tr\/wp-content\/uploads\/2015\/12\/japonya_nukleer_reaktor-180x120.jpg 180w, https:\/\/www.nationalturk.com\/tr\/wp-content\/uploads\/2015\/12\/japonya_nukleer_reaktor-280x187.jpg 280w\" sizes=\"auto, (max-width: 610px) 100vw, 610px\" \/><\/p>\n<h1>Japonya yap\u0131lan incelemelerin ard\u0131ndan 2 n\u00fckleer reakt\u00f6r\u00fc yeniden ba\u015flatma karar\u0131 ald\u0131. Reakt\u00f6rler deprem endi\u015fesiyle kapat\u0131lm\u0131\u015ft\u0131.<\/h1>\n<p>Japonya&#8217;da Fukui&#8217;deki 2 n\u00fckleer reakt\u00f6r, 2011&#8217;de deprem ve tsunami sonucu Fuku\u015fima&#8217;da ger\u00e7ekle\u015fen n\u00fckleer felaketin ard\u0131ndan gelen \u015fikayetler \u00fczerine kapat\u0131lm\u0131\u015ft\u0131. Fukui sakinleri, reakt\u00f6rlerin deprem sonucu felakete sebep olabilece\u011fini \u00f6ne s\u00fcrm\u00fc\u015ft\u00fc.<\/p>\n<p>Yap\u0131lan denetimlerin ard\u0131ndan uzmanlar reakt\u00f6rlerin tehlike yaratmad\u0131\u011f\u0131na karar k\u0131larak reakt\u00f6rlerin yeniden ba\u015flat\u0131lmas\u0131na karar verdi. Japonya&#8217;daki 43 n\u00fckleer reakt\u00f6rden yaln\u0131zca 2&#8217;sinin \u00e7al\u0131\u015ft\u0131r\u0131ld\u0131\u011f\u0131, ancak bu y\u0131l\u0131n sonlar\u0131na do\u011fru ba\u015fka reakt\u00f6rlerin de yeniden \u00e7al\u0131\u015ft\u0131r\u0131laca\u011f\u0131 s\u00f6yleniyor.<\/p>\n<!-- Error, Advert is not available at this time due to schedule\/geolocation restrictions! -->\n","protected":false},"excerpt":{"rendered":"<p>Japonya yap\u0131lan incelemelerin ard\u0131ndan 2 n\u00fckleer reakt\u00f6r\u00fc yeniden ba\u015flatma karar\u0131 ald\u0131. Reakt\u00f6rler deprem endi\u015fesiyle kapat\u0131lm\u0131\u015ft\u0131.<\/p>\n","protected":false},"author":4,"featured_media":223663,"comment_status":"open","ping_status":"open","sticky":false,"template":"","format":"standard","meta":{"_acf_changed":false,"footnotes":""},"categories":[6769,6665,6155,5005,220816],"tags":[863,64888],"class_list":["post-223661","post","type-post","status-publish","format-standard","has-post-thumbnail","hentry","category-asya","category-dunya","category-gundem","category-manset","category-uzak-dogu","tag-japonya","tag-japonya-nukleer"],"acf":[],"_links":{"self":[{"href":"https:\/\/www.nationalturk.com\/tr\/wp-json\/wp\/v2\/posts\/223661","targetHints":{"allow":["GET"]}}],"collection":[{"href":"https:\/\/www.nationalturk.com\/tr\/wp-json\/wp\/v2\/posts"}],"about":[{"href":"https:\/\/www.nationalturk.com\/tr\/wp-json\/wp\/v2\/types\/post"}],"author":[{"embeddable":true,"href":"https:\/\/www.nationalturk.com\/tr\/wp-json\/wp\/v2\/users\/4"}],"replies":[{"embeddable":true,"href":"https:\/\/www.nationalturk.com\/tr\/wp-json\/wp\/v2\/comments?post=223661"}],"version-history":[{"count":0,"href":"https:\/\/www.nationalturk.com\/tr\/wp-json\/wp\/v2\/posts\/223661\/revisions"}],"wp:featuredmedia":[{"embeddable":true,"href":"https:\/\/www.nationalturk.com\/tr\/wp-json\/wp\/v2\/media\/223663"}],"wp:attachment":[{"href":"https:\/\/www.nationalturk.com\/tr\/wp-json\/wp\/v2\/media?parent=223661"}],"wp:term":[{"taxonomy":"category","embeddable":true,"href":"https:\/\/www.nationalturk.com\/tr\/wp-json\/wp\/v2\/categories?post=223661"},{"taxonomy":"post_tag","embeddable":true,"href":"https:\/\/www.nationalturk.com\/tr\/wp-json\/wp\/v2\/tags?post=223661"}],"curies":[{"name":"wp","href":"https:\/\/api.w.org\/{rel}","templated":true}]}}