{"id":223817,"date":"2015-12-28T12:51:42","date_gmt":"2015-12-28T10:51:42","guid":{"rendered":"http:\/\/www.nationalturk.com\/?p=223817"},"modified":"2015-12-28T12:51:42","modified_gmt":"2015-12-28T10:51:42","slug":"istanbul-beklenen-kar-geliyor-223817","status":"publish","type":"post","link":"https:\/\/www.nationalturk.com\/tr\/istanbul-beklenen-kar-geliyor-223817\/","title":{"rendered":"\u0130stanbul&#8217;a beklenen kar geliyor!"},"content":{"rendered":"<h1><img loading=\"lazy\" decoding=\"async\" class=\"aligncenter  wp-image-223821\" src=\"http:\/\/www.nationalturk.com\/tr\/wp-content\/uploads\/2015\/12\/istanbul-kar-yagisi.jpeg\" alt=\"\u0130stanbul kar\" width=\"610\" height=\"342\" title=\"\" srcset=\"https:\/\/www.nationalturk.com\/tr\/wp-content\/uploads\/2015\/12\/istanbul-kar-yagisi.jpeg 606w, https:\/\/www.nationalturk.com\/tr\/wp-content\/uploads\/2015\/12\/istanbul-kar-yagisi-280x157.jpeg 280w\" sizes=\"auto, (max-width: 610px) 100vw, 610px\" \/>\u0130stanbul i\u00e7in meteorolojinin yay\u0131nlad\u0131\u011f\u0131 hava durumu raporu, \u00c7ar\u015famba g\u00fcn\u00fc kar uyar\u0131s\u0131 veriyor.<\/h1>\n<p>Meteoroloji Genel M\u00fcd\u00fcrl\u00fc\u011f\u00fc&#8217;n\u00fcn 5 g\u00fcnl\u00fck hava tahminine g\u00f6re \u00f6n\u00fcm\u00fczdeki hafta T\u00fcrkiye&#8217;de hava s\u0131cakl\u0131\u011f\u0131 h\u0131zl\u0131 bir \u015fekilde d\u00fc\u015fecek. Pazartesi g\u00fcn\u00fcnden itibaren Marmara&#8217;da g\u00f6r\u00fclecek poyraz r\u00fczgar\u0131n\u0131n etkisiyle s\u0131cakl\u0131klar h\u0131zla d\u00fc\u015ferken sert poyraz beraberinde ya\u011f\u0131\u015f da getirecek.<\/p>\n<p>Meteoroloji hava durumu raporuna g\u00f6re kar ya\u011f\u0131\u015f\u0131, \u00e7ar\u015famba g\u00fcn\u00fc \u0130stanbul&#8217;da etkili olacak. Kar ya\u011f\u0131\u015f\u0131 \u00e7ar\u015famba g\u00fcn\u00fc etkili olacak ve per\u015fembe ile cuma g\u00fcn\u00fc de devam edecek.<\/p>\n<h2>T\u00fcrkiye y\u0131lba\u015f\u0131na yo\u011fun kar ya\u011f\u0131\u015f\u0131 alt\u0131nda girecek<\/h2>\n<p>Meteorolojinin yay\u0131nlad\u0131\u011f\u0131 son hava durumu tahminine g\u00f6re, kar ya\u011f\u0131\u015f\u0131 ilk olarak sal\u0131 g\u00fcn\u00fc hafif ve sulu kar olarak Kastamonu, Bolu ve Karab\u00fck&#8217;de ba\u015flayacak. \u00c7ar\u015famba, Per\u015fembe ve Cuma g\u00fcn\u00fc kar ya\u011f\u0131\u015f\u0131 \u00e7ok yo\u011fun olarak etkili olacak.<\/p>\n<p>\u0130stanbul, Ankara,Sakarya, Kocaeli, Bursa, Bolu, Karab\u00fck, Kastamonu, Yalova, Bal\u0131kesir, D\u00fczce, Zonguldak,Bart\u0131n, Samsun, Eski\u015fehir, K\u00fctahya, Bilecek, \u00c7ank\u0131r\u0131, \u00c7orum, Tokat, Sivas, K\u0131r\u015fehir, Yozgat,Kayseri, afyonkarahisar, Konya, Aksaray, Ni\u011fde, karaman, Erzincan, G\u00fcm\u00fc\u015fhane, Bayburt,Artvin, Kars, Ardahan ve Erzurum illerinde \u00e7ar\u015famba g\u00fcn\u00fc yo\u011fun kar etkili olacak.<\/p>\n<!-- Error, Advert is not available at this time due to schedule\/geolocation restrictions! -->\n","protected":false},"excerpt":{"rendered":"<p>\u0130stanbul i\u00e7in meteorolojinin yay\u0131nlad\u0131\u011f\u0131 hava durumu raporu, \u00c7ar\u015famba g\u00fcn\u00fc kar uyar\u0131s\u0131 veriyor.<\/p>\n","protected":false},"author":3,"featured_media":223821,"comment_status":"open","ping_status":"open","sticky":false,"template":"","format":"standard","meta":{"_acf_changed":false,"footnotes":""},"categories":[6155,5005,6662],"tags":[1011,14525,14414,14415,14896,143376,156363],"class_list":["post-223817","post","type-post","status-publish","format-standard","has-post-thumbnail","hentry","category-gundem","category-manset","category-yasam","tag-istanbul","tag-istanbul-hava-durumu","tag-istanbul-kar","tag-istanbul-kar-yagisi","tag-meteoroloji","tag-meteoroloji-hava-durumu","tag-meteoroloji-kar-yagisi"],"acf":[],"_links":{"self":[{"href":"https:\/\/www.nationalturk.com\/tr\/wp-json\/wp\/v2\/posts\/223817","targetHints":{"allow":["GET"]}}],"collection":[{"href":"https:\/\/www.nationalturk.com\/tr\/wp-json\/wp\/v2\/posts"}],"about":[{"href":"https:\/\/www.nationalturk.com\/tr\/wp-json\/wp\/v2\/types\/post"}],"author":[{"embeddable":true,"href":"https:\/\/www.nationalturk.com\/tr\/wp-json\/wp\/v2\/users\/3"}],"replies":[{"embeddable":true,"href":"https:\/\/www.nationalturk.com\/tr\/wp-json\/wp\/v2\/comments?post=223817"}],"version-history":[{"count":0,"href":"https:\/\/www.nationalturk.com\/tr\/wp-json\/wp\/v2\/posts\/223817\/revisions"}],"wp:featuredmedia":[{"embeddable":true,"href":"https:\/\/www.nationalturk.com\/tr\/wp-json\/wp\/v2\/media\/223821"}],"wp:attachment":[{"href":"https:\/\/www.nationalturk.com\/tr\/wp-json\/wp\/v2\/media?parent=223817"}],"wp:term":[{"taxonomy":"category","embeddable":true,"href":"https:\/\/www.nationalturk.com\/tr\/wp-json\/wp\/v2\/categories?post=223817"},{"taxonomy":"post_tag","embeddable":true,"href":"https:\/\/www.nationalturk.com\/tr\/wp-json\/wp\/v2\/tags?post=223817"}],"curies":[{"name":"wp","href":"https:\/\/api.w.org\/{rel}","templated":true}]}}