{"id":223948,"date":"2015-12-31T09:50:46","date_gmt":"2015-12-31T07:50:46","guid":{"rendered":"http:\/\/www.nationalturk.com\/?p=223948"},"modified":"2015-12-31T09:50:46","modified_gmt":"2015-12-31T07:50:46","slug":"yurt-genelindeki-kar-yagisi-nedeniyle-egitime-ara-verilen-iller-223948","status":"publish","type":"post","link":"https:\/\/www.nationalturk.com\/tr\/yurt-genelindeki-kar-yagisi-nedeniyle-egitime-ara-verilen-iller-223948\/","title":{"rendered":"Yurt genelindeki kar ya\u011f\u0131\u015f\u0131 nedeniyle e\u011fitime ara verilen iller!"},"content":{"rendered":"<h1><img loading=\"lazy\" decoding=\"async\" class=\"aligncenter size-full wp-image-223949\" src=\"http:\/\/www.nationalturk.com\/tr\/wp-content\/uploads\/2015\/12\/kar-tatili-olan-iller.jpg\" alt=\"Yurt genelindeki kar ya\u011f\u0131\u015f\u0131 nedeniyle e\u011fitime ara verilen iller!\" width=\"627\" height=\"409\" title=\"\" srcset=\"https:\/\/www.nationalturk.com\/tr\/wp-content\/uploads\/2015\/12\/kar-tatili-olan-iller.jpg 627w, https:\/\/www.nationalturk.com\/tr\/wp-content\/uploads\/2015\/12\/kar-tatili-olan-iller-280x183.jpg 280w, https:\/\/www.nationalturk.com\/tr\/wp-content\/uploads\/2015\/12\/kar-tatili-olan-iller-552x360.jpg 552w\" sizes=\"auto, (max-width: 627px) 100vw, 627px\" \/>Yo\u011fun kar ya\u011f\u0131\u015f\u0131 nedeniyle \u0130stanbul&#8217;un da aralar\u0131nda bulundu\u011fu baz\u0131 il ve il\u00e7elerde e\u011fitime ara verildi.<\/h1>\n<p>\u0130stanbul Valili\u011fi, kentte devam eden kar ya\u011f\u0131\u015f\u0131 nedeniyle herhangi bir olumsuzluk ya\u015fanmamas\u0131 i\u00e7in e\u011fitim \u00f6\u011fretime bug\u00fcn ara verildi\u011fini bildirdi.<\/p>\n<p>\u0130stanbul Valili\u011finden yap\u0131lan a\u00e7\u0131klamada, Meteoroloji Genel M\u00fcd\u00fcrl\u00fc\u011f\u00fcnce yap\u0131lan de\u011ferlendirmelere g\u00f6re, kentte devam eden kar ya\u011f\u0131\u015f\u0131n\u0131n etkisini s\u00fcrd\u00fcrmesi ve aral\u0131klarla artarak devam etmesinin beklendi\u011fi belirtildi.<\/p>\n<p>Ya\u011f\u0131\u015f\u0131n olumsuz etkilerinin g\u00f6z \u00f6n\u00fcne al\u0131nd\u0131\u011f\u0131 aktar\u0131lan a\u00e7\u0131klamada, &#8220;Kar birikintileri, don ve buzlanman\u0131n \u00f6zellikle ara cadde ve sokaklarda ara\u00e7 trafi\u011fi ve yaya ula\u015f\u0131m\u0131nda meydana getirebilece\u011fi olumsuz etkiler g\u00f6z \u00f6n\u00fcne al\u0131narak, herhangi bir s\u0131k\u0131nt\u0131 veya ma\u011fduriyetle kar\u015f\u0131la\u015f\u0131lmamas\u0131 i\u00e7in tedbir amac\u0131yla anaokullar\u0131, ilkokul, ortaokul ve liselerde e\u011fitim ve \u00f6\u011fretime, \u00f6zel kre\u015f, g\u00fcnd\u00fcz bak\u0131mevleri, \u00e7ocuk kul\u00fcpleri, rehberlik ara\u015ft\u0131rma merkezleri ve halk e\u011fitim merkezlerinin faaliyetlerine 31 Aral\u0131k Per\u015fembe ara verilmesi uygun g\u00f6r\u00fclm\u00fc\u015ft\u00fcr&#8221; ifadesine yer verildi.<\/p>\n<p>A\u00e7\u0131klamada, ayn\u0131 g\u00fcn kamu kurum ve kurulu\u015flar\u0131nda \u00e7al\u0131\u015fan engelli personel ile hamile personelin de idari izinli say\u0131laca\u011f\u0131 bildirildi.<\/p>\n<p>&#8211; Sakarya<\/p>\n<p>Sakarya&#8217;da yo\u011fun kar ya\u011f\u0131\u015f\u0131 nedeniyle il genelindeki t\u00fcm okullarda bug\u00fcn e\u011fitime ara verildi\u011fi bildirildi.<\/p>\n<p>Vali H\u00fcseyin Avni Co\u015f, sosyal payla\u015f\u0131m sitesi Twitter hesab\u0131ndan payla\u015ft\u0131\u011f\u0131 mesajda, yo\u011fun kar ya\u011f\u0131\u015f\u0131 bildirimi nedeniyle bug\u00fcn kentteki ilk ve orta dereceli okullar\u0131n tatil edildi\u011fini belirtti.<\/p>\n<p>Kamu kurum ve kurulu\u015flar\u0131nda \u00e7al\u0131\u015fan engelli personelle hamile personel de idari izinli say\u0131lacak.<\/p>\n<p>&#8211; Ordu<\/p>\n<p>Ordu&#8217;da kar ya\u011f\u0131\u015f\u0131 nedeniyle G\u00fcrgentepe, Korgan ve Mesudiye il\u00e7elerinde e\u011fitime ara verildi\u011fi bildirildi.<\/p>\n<p>\u0130l Milli E\u011fitim M\u00fcd\u00fcrl\u00fc\u011f\u00fcnden yap\u0131lan yaz\u0131l\u0131 a\u00e7\u0131klamada, d\u00fcn gece ba\u015flayan kar ya\u011f\u0131\u015f\u0131n\u0131n hayat\u0131 olumsuz etkiledi\u011fi belirtildi.<\/p>\n<p>A\u00e7\u0131klamada, kar ya\u011f\u0131\u015f\u0131 nedeniyle baz\u0131 il\u00e7elerde e\u011fitime bug\u00fcn ara verildi\u011fi kaydedilerek, &#8220;Yo\u011fun kar ya\u011f\u0131\u015f\u0131 nedeniyle 31 Aral\u0131k Per\u015fembe G\u00fcrgentepe, Korgan ve Mesudiye il\u00e7elerinin genelinde, Akku\u015f il\u00e7esinde ise \u0130stanbul Menkul K\u0131ymetler Borsas\u0131 Yat\u0131l\u0131 B\u00f6lge Okulu ve Ahmet C\u00fcrebal \u0130mam Hatip Ortaokulu hari\u00e7 di\u011fer okullarda e\u011fitime bir g\u00fcn s\u00fcreyle ara verilmi\u015ftir&#8221; ifadesi kullan\u0131ld\u0131.<\/p>\n<p>&#8211; Giresun<\/p>\n<p>Giresun&#8217;da kar ya\u011f\u0131\u015f\u0131 nedeniyle merkezdeki k\u00f6y okullar\u0131 ile Dereli ve \u00c7anak\u00e7\u0131 il\u00e7elerinde e\u011fitime bug\u00fcn ara verildi\u011fi bildirildi.<\/p>\n<p>\u0130l Milli E\u011fitim M\u00fcd\u00fcr\u00fc Necati Akkurt, yapt\u0131\u011f\u0131 a\u00e7\u0131klamada, kentin y\u00fcksek kesimlerinde etkili olan kar ya\u011f\u0131\u015f\u0131 nedeniyle merkezdeki k\u00f6y okullar\u0131nda bug\u00fcn e\u011fitime ara verildi\u011fini s\u00f6yledi.<\/p>\n<p>Akkurt, Giresun&#8217;un il\u00e7elerinde ise e\u011fitime ara verilip verilmeyece\u011fine kaymakaml\u0131klar\u0131n karar verece\u011fini dile getirdi, Dereli ve \u00c7anak\u00e7\u0131 il\u00e7elerinde e\u011fitime bug\u00fcn ara verildi\u011fini kaydetti.<\/p>\n<p>&#8211; Rize<\/p>\n<p>Rize&#8217;nin \u00c7aml\u0131hem\u015fin, Hem\u015fin ve G\u00fcneysu il\u00e7elerinde yo\u011fun kar ya\u011f\u0131\u015f\u0131 nedeniyle bug\u00fcn e\u011fitime ara verildi\u011fi belirtildi.<\/p>\n<p>Kaymakaml\u0131klardan yap\u0131lan a\u00e7\u0131klamalara g\u00f6re, \u00f6\u011fle saatlerinden itibaren etkili olan kar ya\u011f\u0131\u015f\u0131 nedeniyle baz\u0131 olumsuzluklar\u0131n ya\u015fanabilece\u011fi de\u011ferlendirilerek, ilk ve orta dereceli okullarda 31 Aral\u0131k Per\u015fembe e\u011fitime ara verilmesi karar\u0131 al\u0131nd\u0131.<\/p>\n<p>\u0130kizdere il\u00e7esinde ise kar ya\u011f\u0131\u015f\u0131n\u0131n aral\u0131klarla devam etti\u011fi, Yat\u0131l\u0131 \u0130mam Hatip Lisesi d\u0131\u015f\u0131ndaki ilk ve orta dereceli okullarda ula\u015f\u0131m g\u00fc\u00e7l\u00fc\u011f\u00fc ya\u015fayan \u00f6\u011frencilerin izinli say\u0131laca\u011f\u0131 kaydedildi.<\/p>\n<p>&#8211; Ni\u011fde<\/p>\n<p>Ni\u011fde \u0130l Milli E\u011fitim M\u00fcd\u00fcrl\u00fc\u011f\u00fcnden yap\u0131lan yaz\u0131l\u0131 a\u00e7\u0131klamada, &#8220;Kar ya\u011f\u0131\u015f\u0131n\u0131n ard\u0131ndan so\u011fuk ve buzlanma nedeniyle merkez, merkeze ba\u011fl\u0131 k\u00f6y ve beldelerdeki ilk ve orta dereceli okullar, 31 Aral\u0131k Per\u015fembe tatil edilmi\u015ftir&#8221; ifadesine yer verildi<\/p>\n<p>&#8211; Kayseri<\/p>\n<p>Kayseri&#8217;nin Yahyal\u0131 il\u00e7esinde Kaymakaml\u0131ktan yap\u0131lan a\u00e7\u0131klamada, kar ya\u011f\u0131\u015f\u0131 nedeniyle il\u00e7edeki okullar\u0131n 31 Aral\u0131k Per\u015fembe tatil edildi\u011fi bildirildi.<\/p>\n<p>&#8211; Nev\u015fehir<\/p>\n<p>Kar ya\u011f\u0131\u015f\u0131 ve a\u015f\u0131r\u0131 buzlanma nedeniyle Nev\u015fehir il merkezi, Ac\u0131g\u00f6l, \u00dcrg\u00fcp, Derinkuyu ve Avanos il\u00e7elerinde ilk ve orta dereceli okullarda bug\u00fcn e\u011fitime ara verildi\u011fi bildirildi.<\/p>\n<p>Nev\u015fehir \u0130l Milli E\u011fitim M\u00fcd\u00fcr Vekili Do\u011fan K\u00fcrekli, olumsuz hava ko\u015fullar\u0131 nedeniyle ilk ve orta dereceli t\u00fcm okullar\u0131n 31 Aral\u0131k Per\u015fembe tatil edildi\u011fini s\u00f6yledi.<\/p>\n<p>Olumsuz hava ko\u015fullar\u0131 nedeniyle kamuda \u00e7al\u0131\u015fan hamile ve engellilerin de bir g\u00fcn idari izinli say\u0131laca\u011f\u0131 belirtildi.<\/p>\n<p>&#8211; Yozgat<\/p>\n<p>Yozgat&#8217;\u0131n Akda\u011fmadeni il\u00e7esinde de ilk ve orta dereceli okullar\u0131n tatil edildi\u011fi bildirildi.<\/p>\n<p>&#8211; Erzurum<\/p>\n<p>Erzurum&#8217;da kent merkezi ve ba\u011fl\u0131 t\u00fcm il\u00e7elerinde yo\u011fun kar ya\u011f\u0131\u015f\u0131 nedeniyle okullar\u0131n bug\u00fcn tatil edildi\u011fi bildirildi.<\/p>\n<p>Erzurum Valili\u011finden yap\u0131lan yaz\u0131l\u0131 a\u00e7\u0131klamada, kent merkezi ve ba\u011fl\u0131 il\u00e7elerde kar ya\u011f\u0131\u015f\u0131n\u0131n etkisini s\u00fcrd\u00fcrd\u00fc\u011f\u00fc hat\u0131rlat\u0131ld\u0131.<\/p>\n<p>Yo\u011fun kar ya\u011f\u0131\u015f\u0131 nedeniyle kent geneli ve ba\u011fl\u0131 t\u00fcm il\u00e7elerde okul \u00f6ncesi, ilk\u00f6\u011fretim okullar\u0131, liseler ve \u00f6zel e\u011fitim kurumlar\u0131n\u0131n bir g\u00fcn s\u00fcreyle tatil edildi\u011fi belirtilen a\u00e7\u0131klamada, kamuda g\u00f6rev yapan hamile personel ve engellilerin de bir g\u00fcn s\u00fcreyle idari izinli say\u0131laca\u011f\u0131 kaydedildi.<\/p>\n<p>&#8211; D\u00fczce<\/p>\n<p>D\u00fczce&#8217;de, yo\u011fun kar ya\u011f\u0131\u015f\u0131 nedeniyle il genelindeki t\u00fcm okullarda bug\u00fcn e\u011fitime ara verildi.<\/p>\n<p>Valilikten yap\u0131lan yaz\u0131l\u0131 a\u00e7\u0131klamada, yo\u011fun kar ya\u011f\u0131\u015f\u0131n\u0131n gece saatlerinden itibaren artarak devam etmesinin beklendi\u011fi i\u00e7in kentteki t\u00fcm okullarda bug\u00fcn e\u011fitime ara verildi\u011fi belirtildi.<\/p>\n<p>Kamu kurumlar\u0131nda g\u00f6rev yapan engelli personel ve hamilelerin de bug\u00fcn idari izinli say\u0131lmas\u0131n\u0131n uygun g\u00f6r\u00fcld\u00fc\u011f\u00fc ifade edilen a\u00e7\u0131klamada, y\u0131lba\u015f\u0131 ve hafta sonu tatili de eklendi\u011finden, okullarda e\u011fitime 4 Ocak 2016 Pazartesi yeniden ba\u015flanaca\u011f\u0131 kaydedildi.<\/p>\n<p>&#8211; Bolu<\/p>\n<p>Bolu&#8217;nun Gerede ve D\u00f6rtdivan il\u00e7elerinde etkili olan kar ya\u011f\u0131\u015f\u0131 ve tipi nedeniyle e\u011fitime bir g\u00fcn ara verildi.<\/p>\n<p>Bolu Valili\u011finden al\u0131nan bilgiye g\u00f6re, kar ya\u011f\u0131\u015f\u0131n\u0131n aral\u0131klarla devam etti\u011fi Gerede ve D\u00f6rtdivan il\u00e7e merkezleri ve k\u00f6ylerindeki ilk ve orta dereceli okullarda bug\u00fcn e\u011fitim verilemeyecek.<\/p>\n<p>&#8211; Tokat<\/p>\n<p>Tokat&#8217;\u0131n Almus, Ye\u015filyurt, Artova, Ba\u015f\u00e7iftlik ve Niksar il\u00e7elerinde kar ya\u011f\u0131\u015f\u0131 nedeniyle bug\u00fcn okullarda e\u011fitim yap\u0131lmayacak.<\/p>\n<p>\u0130l Milli E\u011fitim M\u00fcd\u00fcr\u00fc Levent Yaz\u0131c\u0131, yapt\u0131\u011f\u0131 a\u00e7\u0131klamada, Tokat&#8217;\u0131n il\u00e7elerinde kar ya\u011f\u0131\u015f\u0131 ve olumsuz havan\u0131n\u0131n etkili oldu\u011funu s\u00f6yledi.<\/p>\n<p>Yaz\u0131c\u0131, ya\u015fanabilecek s\u0131k\u0131nt\u0131lar g\u00f6z \u00f6n\u00fcne al\u0131narak bug\u00fcn Almus, Ye\u015filyurt, Artova, Ba\u015f\u00e7iftlik ve Niksar il\u00e7elerindeki okullarda e\u011fitime ara verildi\u011fini kaydetti.<\/p>\n<p>&#8211; Hakkari<\/p>\n<p>Hakkari il merkezi ve ba\u011fl\u0131 k\u00f6ylerdeki ilk ve orta dereceli okullarda, bug\u00fcn e\u011fitime ara verildi.<\/p>\n<p>Valilikten yap\u0131lan a\u00e7\u0131klamada, kentte olumsuz hava ko\u015fullar\u0131n\u0131n ya\u015fand\u0131\u011f\u0131 belirtilerek il merkezi ve ba\u011fl\u0131 k\u00f6ylerde, ilk ve orta dereceli okullarda (yat\u0131l\u0131 e\u011fitim kurumlar\u0131 hari\u00e7), e\u011fitim \u00f6\u011fretime bug\u00fcn ara verildi\u011fi ifade edildi.<\/p>\n<p>A\u00e7\u0131klamada, kamu kurum ve kurulu\u015flar\u0131nda g\u00f6revli engelli ve hamile personellerin de bug\u00fcn idari izinli say\u0131laca\u011f\u0131 kaydedildi.<\/p>\n<p>&#8211; Kastamonu<\/p>\n<p>Kastamonu\u2019nun Bozkurt ve \u015eenpazar il\u00e7elerinde kar ya\u011f\u0131\u015f\u0131 nedeniyle okullarda bug\u00fcn e\u011fitim yap\u0131lmayacak.<\/p>\n<p>AA muhabirinin \u0130l Milli E\u011fitim M\u00fcd\u00fcrl\u00fc\u011f\u00fc yetkililerinden edindi\u011fi bilgiye g\u00f6re, kar ya\u011f\u0131\u015f\u0131n\u0131n etkisini s\u00fcrd\u00fcrd\u00fc\u011f\u00fc \u015eenpazar ve Bozkurt&#8217;taki okullarda e\u011fitime bug\u00fcn i\u00e7in ara verildi.<\/p>\n<p>&#8211; Sivas<\/p>\n<p>Sivas&#8217;ta etkili olan kar ya\u011f\u0131\u015f\u0131 nedeniyle Ak\u0131nc\u0131lar, Su\u015fehri ve G\u00f6lova il\u00e7elerinde d\u00fcn \u00f6\u011fleden sonra ve bug\u00fcn e\u011fitime ara verildi.<\/p>\n<p>Kaymakaml\u0131klar\u0131ndan yap\u0131lan yaz\u0131l\u0131 a\u00e7\u0131klamada, kar ya\u011f\u0131\u015f\u0131 dolay\u0131s\u0131yla Ak\u0131nc\u0131lar, Su\u015fehri ve G\u00f6lova&#8217;daki ilk ve orta dereceli okullarda, d\u00fcn \u00f6\u011fleden sonra ve bug\u00fcn tam g\u00fcn e\u011fitimine ara verildi\u011fi belirtildi.<\/p>\n<p>Kamuda \u00e7al\u0131\u015fan hamileler ile engellilerin de d\u00fcn \u00f6\u011fleden sonra ve bug\u00fcn izinli say\u0131laca\u011f\u0131 ifade edildi.<\/p>\n<p>&#8211; \u00c7orum<\/p>\n<p>\u00c7orum&#8217;da etkili olan kar ya\u011f\u0131\u015f\u0131 nedeniyle kent merkezi ve 10 il\u00e7ede e\u011fitime 2 g\u00fcn ara verildi.<\/p>\n<p>Valilikten yap\u0131lan a\u00e7\u0131klamada, kar ya\u011f\u0131\u015f\u0131 dolay\u0131s\u0131yla kent merkezi ile Alaca, Bayat, Bo\u011fazkale, Dodurga, La\u00e7in, O\u011fuzlar, Mecit\u00f6z\u00fc, Ortak\u00f6y, Sungurlu ve U\u011furluda\u011f&#8217;daki ilk ve orta dereceli t\u00fcm okullar\u0131n bug\u00fcn ve yar\u0131n tatil edildi\u011fi belirtildi.<\/p>\n<p>Kent merkezi ile s\u00f6z konusu 10 il\u00e7edeki kamu kurum ve kurulu\u015flar\u0131nda \u00e7al\u0131\u015fan engelliler ile hamilelerin de 2 g\u00fcn s\u00fcreyle idari izinli say\u0131lacaklar\u0131 kaydedildi.<\/p>\n<p>&#8211; Samsun<\/p>\n<p>Samsun&#8217;da kar ya\u011f\u0131\u015f\u0131 nedeniyle bug\u00fcn e\u011fitim yap\u0131lmayacak.<\/p>\n<p>\u0130l Milli E\u011fitim M\u00fcd\u00fcrl\u00fc\u011f\u00fcnden yap\u0131lan yaz\u0131l\u0131 a\u00e7\u0131klamada, il genelinde kar ya\u011f\u0131\u015f\u0131n\u0131n yo\u011funla\u015ft\u0131\u011f\u0131 belirtildi.<\/p>\n<p>A\u00e7\u0131klamada, bu nedenle il genelinde t\u00fcm e\u011fitim kurumlar\u0131nda bug\u00fcn e\u011fitime bir g\u00fcn s\u00fcre ile ara verilece\u011fi kaydedildi.<\/p>\n<p>&#8211; Karaman<\/p>\n<p>Karaman Milli E\u011fitim M\u00fcd\u00fcrl\u00fc\u011f\u00fcnden yap\u0131lan a\u00e7\u0131klamada, don ve buzlanma riski nedeniyle ta\u015f\u0131mal\u0131 sistem kapsam\u0131ndaki merkeze ba\u011fl\u0131 k\u00f6y ve beldelerde ilk\u00f6\u011fretim ve orta\u00f6\u011fretim \u00f6\u011frencilerinin e\u011fitimine 1 g\u00fcn ara verildi\u011fi bildirdi.<\/p>\n<p>&#8211; Konya<\/p>\n<p>Konya&#8217;n\u0131n Halkap\u0131nar il\u00e7esinde ta\u015fmal\u0131 sistem kapsam\u0131ndaki okullarda bug\u00fcn e\u011fitime ara verilece\u011fi bildirildi.<\/p>\n<p>\u0130l\u00e7e Milli E\u011fitim M\u00fcd\u00fcr\u00fc Abidin \u00dcnal, yapt\u0131\u011f\u0131 a\u00e7\u0131klamada, don ve buzlanma riski nedeniyle ta\u015f\u0131mal\u0131 sistem kapsam\u0131ndaki okullarda e\u011fitime 31 Aral\u0131k Per\u015fembe ara verilece\u011fini belirtti.<\/p>\n<p>&#8211; Karab\u00fck<\/p>\n<p>Karab\u00fck Valili\u011fi&#8217;nden yap\u0131lan a\u00e7\u0131klamada, aral\u0131klarla devam eden kar ya\u011f\u0131\u015f\u0131 nedeniyle kentte ula\u015f\u0131m\u0131n g\u00fc\u00e7l\u00fckle sa\u011fland\u0131\u011f\u0131 bildirildi.<\/p>\n<p>Vatanda\u015flara, yo\u011fun kar ya\u011f\u0131\u015f\u0131na kar\u015f\u0131 tedbirli olmalar\u0131 uyar\u0131s\u0131nda bulunulan a\u00e7\u0131klamada, Eflani il\u00e7esiyle Ovac\u0131k&#8217;a ba\u011fl\u0131 belde ve k\u00f6ylerde, Milli E\u011fitim Bakanl\u0131\u011f\u0131na ba\u011fl\u0131, Ovac\u0131k Spor Lisesi d\u0131\u015f\u0131ndaki okullarda, e\u011fitim \u00f6\u011fretime bug\u00fcn ara verilece\u011fi kaydedildi.<\/p>\n<p>&#8211; Kocaeli<\/p>\n<p>Kocaeli Valili\u011finden yap\u0131lan yaz\u0131l\u0131 a\u00e7\u0131klamada, yo\u011fun kar ya\u011f\u0131\u015f\u0131yla d\u00fc\u015f\u00fck s\u0131cakl\u0131klar\u0131n ara\u00e7 trafi\u011finde ve yaya ula\u015f\u0131m\u0131nda yol a\u00e7aca\u011f\u0131 olumsuzlu\u011fa yer vermemek amac\u0131yla ilde anaokullar\u0131, ilk, orta ve liselerde (rehabilitasyon merkezleri dahil) \u00a0bug\u00fcn e\u011fitime ara verildi\u011fi kaydedildi.<\/p>\n<p>A\u00e7\u0131klamada, ayn\u0131 g\u00fcn kamu kurum ve kurulu\u015flar\u0131nda \u00e7al\u0131\u015fan, engelli ve hamile personelin de idari izinli say\u0131laca\u011f\u0131 bildirildi.<\/p>\n<p>&#8211; KO\u00dc&#8217;de okullar tatil edildi<\/p>\n<p>Olumsuz hava ko\u015fullar\u0131 nedeniyle Kocaeli \u00dcniversitesi&#8217;nde (KO\u00dc) de bug\u00fcn e\u011fitime ara verildi\u011fi dile getirildi.<\/p>\n<p>KO\u00dc Rekt\u00f6r\u00fc Prof. Dr. Sadettin H\u00fclag\u00fc, sosyal payla\u015f\u0131m sitesi Twitter hesab\u0131ndan payla\u015ft\u0131\u011f\u0131 mesajda, &#8220;Yo\u011fun kar ya\u011f\u0131\u015f\u0131 nedeniyle \u00fcniversitemizde bug\u00fcn e\u011fitim ve \u00f6\u011fretime bir g\u00fcn ara verilmi\u015ftir. Ayn\u0131 g\u00fcn engelli ve hamile personel de idari izinli say\u0131lacak&#8221; ifadesini kulland\u0131.<\/p>\n<p>&#8211; Zonguldak<\/p>\n<p>Zonguldak&#8217;ta kar ya\u011f\u0131\u015f\u0131 nedeniyle il genelindeki okullar bug\u00fcn tatil edildi.<\/p>\n<p>Kamu kurum ve kurulu\u015flar\u0131nda g\u00f6revli engelli ve hamile personelin bug\u00fcn idari izinli say\u0131laca\u011f\u0131 belirtildi.<\/p>\n<!-- Error, Advert is not available at this time due to schedule\/geolocation restrictions! -->\n","protected":false},"excerpt":{"rendered":"<p>Yo\u011fun kar ya\u011f\u0131\u015f\u0131 nedeniyle \u0130stanbul&#8217;un da aralar\u0131nda bulundu\u011fu baz\u0131 il ve il\u00e7elerde e\u011fitime ara verildi.<\/p>\n","protected":false},"author":3,"featured_media":223949,"comment_status":"open","ping_status":"open","sticky":false,"template":"","format":"standard","meta":{"_acf_changed":false,"footnotes":""},"categories":[6663,6155,5005,6805],"tags":[1011,90460,120041,118724,148311,148522],"class_list":["post-223948","post","type-post","status-publish","format-standard","has-post-thumbnail","hentry","category-egitim","category-gundem","category-manset","category-turkiye","tag-istanbul","tag-istanbul-kar-tatili","tag-istanbul-okullar-tatil","tag-istanbul-tatil","tag-kar-tatili","tag-kar-tatili-olan-iller"],"acf":[],"_links":{"self":[{"href":"https:\/\/www.nationalturk.com\/tr\/wp-json\/wp\/v2\/posts\/223948","targetHints":{"allow":["GET"]}}],"collection":[{"href":"https:\/\/www.nationalturk.com\/tr\/wp-json\/wp\/v2\/posts"}],"about":[{"href":"https:\/\/www.nationalturk.com\/tr\/wp-json\/wp\/v2\/types\/post"}],"author":[{"embeddable":true,"href":"https:\/\/www.nationalturk.com\/tr\/wp-json\/wp\/v2\/users\/3"}],"replies":[{"embeddable":true,"href":"https:\/\/www.nationalturk.com\/tr\/wp-json\/wp\/v2\/comments?post=223948"}],"version-history":[{"count":0,"href":"https:\/\/www.nationalturk.com\/tr\/wp-json\/wp\/v2\/posts\/223948\/revisions"}],"wp:featuredmedia":[{"embeddable":true,"href":"https:\/\/www.nationalturk.com\/tr\/wp-json\/wp\/v2\/media\/223949"}],"wp:attachment":[{"href":"https:\/\/www.nationalturk.com\/tr\/wp-json\/wp\/v2\/media?parent=223948"}],"wp:term":[{"taxonomy":"category","embeddable":true,"href":"https:\/\/www.nationalturk.com\/tr\/wp-json\/wp\/v2\/categories?post=223948"},{"taxonomy":"post_tag","embeddable":true,"href":"https:\/\/www.nationalturk.com\/tr\/wp-json\/wp\/v2\/tags?post=223948"}],"curies":[{"name":"wp","href":"https:\/\/api.w.org\/{rel}","templated":true}]}}