{"id":224023,"date":"2016-01-04T11:59:52","date_gmt":"2016-01-04T09:59:52","guid":{"rendered":"http:\/\/www.nationalturk.com\/?p=224023"},"modified":"2016-01-04T11:59:52","modified_gmt":"2016-01-04T09:59:52","slug":"abd-baskani-barack-obama-kuba-224023","status":"publish","type":"post","link":"https:\/\/www.nationalturk.com\/tr\/abd-baskani-barack-obama-kuba-224023\/","title":{"rendered":"ABD Ba\u015fkan\u0131 Barack Obama K\u00fcba&#8217;ya gidecek mi?"},"content":{"rendered":"<h1><img loading=\"lazy\" decoding=\"async\" class=\"aligncenter  wp-image-224025\" src=\"http:\/\/www.nationalturk.com\/tr\/wp-content\/uploads\/2016\/01\/obama-kuba.jpeg\" alt=\"ABD Ba\u015fkan\u0131 Barack Obama K\u00fcba&#039;ya gidecek mi?\" width=\"609\" height=\"388\" title=\"\" srcset=\"https:\/\/www.nationalturk.com\/tr\/wp-content\/uploads\/2016\/01\/obama-kuba.jpeg 650w, https:\/\/www.nationalturk.com\/tr\/wp-content\/uploads\/2016\/01\/obama-kuba-280x178.jpeg 280w, https:\/\/www.nationalturk.com\/tr\/wp-content\/uploads\/2016\/01\/obama-kuba-565x360.jpeg 565w\" sizes=\"auto, (max-width: 609px) 100vw, 609px\" \/>ABD Ba\u015fkan\u0131 Barack Obama, ba\u015fkanl\u0131\u011f\u0131 sona ermeden K\u00fcba&#8217;y\u0131 ziyaret edip etmeyece\u011fine birka\u00e7 ay i\u00e7inde karar verecek.<\/h1>\n<p>Beyaz Saray Ulusal G\u00fcvenlik Dan\u0131\u015fman\u0131 Ben Rhodes, Obama&#8217;n\u0131n Noel ve y\u0131lba\u015f\u0131 tatilini ge\u00e7irdi\u011fi Hawaii&#8217;de gazetecilere yapt\u0131\u011f\u0131 a\u00e7\u0131klamada, olas\u0131 K\u00fcba ziyaretine gelecek aylarda karar verilece\u011fini s\u00f6yledi.<\/p>\n<p>Milliyet&#8217;in haberine g\u00f6re, Washington y\u00f6netiminin s\u00f6z konusu seyahat \u00f6ncesinde K\u00fcba&#8217;n\u0131n insan haklar\u0131 karnesini ilerletti\u011fini ve \u00f6zel \u015firketlerin \u00fclkenin ekonomisinde daha fazla etkin olmas\u0131n\u0131 g\u00f6rmek istediklerini vurgulayan Rhodes, ayr\u0131ca Havana y\u00f6netiminin halk\u0131n daha fazla bilgiye ve internete eri\u015fimini sa\u011flamas\u0131 gerekti\u011fini vurgulad\u0131.<\/p>\n<p>Rhodes, Ba\u015fkan&#8217;\u0131n ziyaretinin bu \u00f6nceliklerin ilerletilmesine yard\u0131m olup olmayaca\u011f\u0131n\u0131n kendileri i\u00e7in \u00f6nemli oldu\u011funu belirterek, &#8220;Gelecek birka\u00e7 ay i\u00e7erisinde karar\u0131m\u0131z\u0131 verece\u011fimizi d\u00fc\u015f\u00fcn\u00fcyorum&#8221; diye konu\u015ftu.<\/p>\n<p>ABD Ba\u015fkan\u0131 Obama, K\u00fcba ile ili\u015fkileri normalle\u015ftirme karar\u0131n\u0131n birinci y\u0131l d\u00f6n\u00fcm\u00fc olan ge\u00e7en 17 Aral\u0131k&#8217;ta Kongre&#8217;ye \u00e7a\u011fr\u0131da bulunmu\u015f ve bu \u00fclkeye y\u00f6nelik ambargonun kald\u0131r\u0131lmas\u0131n\u0131 istemi\u015fti.<\/p>\n<p>K\u00fcba&#8217;da 1959&#8217;daki devrimin ard\u0131ndan t\u00fcm Amerikan i\u015fletmeleri kamula\u015ft\u0131r\u0131lm\u0131\u015f, iki \u00fclke aras\u0131ndaki diplomatik ili\u015fkiler kesilmi\u015f, ABD \u00fclkeye ticaret ambargosu uygulamaya ba\u015flam\u0131\u015ft\u0131.<\/p>\n<!-- Error, Advert is not available at this time due to schedule\/geolocation restrictions! -->\n","protected":false},"excerpt":{"rendered":"<p>ABD Ba\u015fkan\u0131 Barack Obama, ba\u015fkanl\u0131\u011f\u0131 sona ermeden K\u00fcba&#8217;y\u0131 ziyaret edip etmeyece\u011fine birka\u00e7 ay i\u00e7inde karar verecek.<\/p>\n","protected":false},"author":3,"featured_media":224025,"comment_status":"open","ping_status":"open","sticky":false,"template":"","format":"standard","meta":{"_acf_changed":false,"footnotes":""},"categories":[6768,6665,6155,6771,5005],"tags":[5902,2509,140523,7222,14],"class_list":["post-224023","post","type-post","status-publish","format-standard","has-post-thumbnail","hentry","category-amerika","category-dunya","category-gundem","category-latin-amerika","category-manset","tag-abd-baskani","tag-barack-obama","tag-barack-obama-amerika","tag-barack-obama-kuba","tag-kuba"],"acf":[],"_links":{"self":[{"href":"https:\/\/www.nationalturk.com\/tr\/wp-json\/wp\/v2\/posts\/224023","targetHints":{"allow":["GET"]}}],"collection":[{"href":"https:\/\/www.nationalturk.com\/tr\/wp-json\/wp\/v2\/posts"}],"about":[{"href":"https:\/\/www.nationalturk.com\/tr\/wp-json\/wp\/v2\/types\/post"}],"author":[{"embeddable":true,"href":"https:\/\/www.nationalturk.com\/tr\/wp-json\/wp\/v2\/users\/3"}],"replies":[{"embeddable":true,"href":"https:\/\/www.nationalturk.com\/tr\/wp-json\/wp\/v2\/comments?post=224023"}],"version-history":[{"count":0,"href":"https:\/\/www.nationalturk.com\/tr\/wp-json\/wp\/v2\/posts\/224023\/revisions"}],"wp:featuredmedia":[{"embeddable":true,"href":"https:\/\/www.nationalturk.com\/tr\/wp-json\/wp\/v2\/media\/224025"}],"wp:attachment":[{"href":"https:\/\/www.nationalturk.com\/tr\/wp-json\/wp\/v2\/media?parent=224023"}],"wp:term":[{"taxonomy":"category","embeddable":true,"href":"https:\/\/www.nationalturk.com\/tr\/wp-json\/wp\/v2\/categories?post=224023"},{"taxonomy":"post_tag","embeddable":true,"href":"https:\/\/www.nationalturk.com\/tr\/wp-json\/wp\/v2\/tags?post=224023"}],"curies":[{"name":"wp","href":"https:\/\/api.w.org\/{rel}","templated":true}]}}