{"id":224027,"date":"2016-01-04T12:20:26","date_gmt":"2016-01-04T10:20:26","guid":{"rendered":"http:\/\/www.nationalturk.com\/?p=224027"},"modified":"2016-01-04T12:20:26","modified_gmt":"2016-01-04T10:20:26","slug":"konyaspordan-pedro-franco-ve-serdar-kurtulus-aciklamasi-224027","status":"publish","type":"post","link":"https:\/\/www.nationalturk.com\/tr\/konyaspordan-pedro-franco-ve-serdar-kurtulus-aciklamasi-224027\/","title":{"rendered":"Konyaspor&#8217;dan Pedro Franco ve Serdar Kurtulu\u015f a\u00e7\u0131klamas\u0131"},"content":{"rendered":"<p><img loading=\"lazy\" decoding=\"async\" class=\"alignnone size-large wp-image-224028\" src=\"http:\/\/www.nationalturk.com\/tr\/wp-content\/uploads\/2016\/01\/pedrofranco-610x295.jpg\" alt=\"Pedro Franco\" width=\"610\" height=\"295\" title=\"\" srcset=\"https:\/\/www.nationalturk.com\/tr\/wp-content\/uploads\/2016\/01\/pedrofranco-610x295.jpg 610w, https:\/\/www.nationalturk.com\/tr\/wp-content\/uploads\/2016\/01\/pedrofranco-280x136.jpg 280w, https:\/\/www.nationalturk.com\/tr\/wp-content\/uploads\/2016\/01\/pedrofranco.jpg 628w\" sizes=\"auto, (max-width: 610px) 100vw, 610px\" \/><\/p>\n<h1>Spor Toto S\u00fcper Lig ekiplerinden Torku Konyaspor&#8217;un bas\u0131n s\u00f6zc\u00fcs\u00fc Ahmet Baydar, Be\u015fikta\u015fl\u0131 futbolcular Serdar Kurtulu\u015f ve Franco&#8217;nun transfer listelerinde olmad\u0131\u011f\u0131n\u0131 s\u00f6yledi.<\/h1>\n<p>Baydar, AA muhabirine yapt\u0131\u011f\u0131 a\u00e7\u0131klamada, son zamanlarda tak\u0131mlar\u0131 ad\u0131na \u00e7\u0131kan transfer haberlerine itibar edilmemesi gerekti\u011fini ifade etti.<\/p>\n<p>Son olarak Be\u015fikta\u015fl\u0131 futbolcular Serdar Kurtulu\u015f ve Pedro Franco&#8217;nun Torku Konyaspor&#8217;a transferinin konu\u015fuldu\u011funu belirten Baydar, &#8220;Be\u015fikta\u015fl\u0131 futbolcular Serdar Kurtulu\u015f ve Franco transfer listemizde yok. Bu haberler asparagast\u0131r&#8221; dedi.<\/p>\n<p>Baydar, tak\u0131mlar\u0131n\u0131n Antalya&#8217;ya giderek ikinci yar\u0131 haz\u0131rl\u0131klar\u0131na ba\u015flad\u0131\u011f\u0131n\u0131 vurgulayarak, gerek g\u00f6r\u00fcl\u00fcrse baz\u0131 mevkilere transfer yapabileceklerini dile getirdi.,<\/p>\n<!-- Error, Advert is not available at this time due to schedule\/geolocation restrictions! -->\n","protected":false},"excerpt":{"rendered":"<p>Spor Toto S\u00fcper Lig ekiplerinden Torku Konyaspor&#8217;un bas\u0131n s\u00f6zc\u00fcs\u00fc Ahmet Baydar, Be\u015fikta\u015fl\u0131 futbolcular Serdar Kurtulu\u015f ve Franco&#8217;nun transfer listelerinde olmad\u0131\u011f\u0131n\u0131 s\u00f6yledi.<\/p>\n","protected":false},"author":4,"featured_media":224029,"comment_status":"open","ping_status":"open","sticky":false,"template":"","format":"standard","meta":{"_acf_changed":false,"footnotes":""},"categories":[6774,6194],"tags":[133782,133786,147736,16162,130740],"class_list":["post-224027","post","type-post","status-publish","format-standard","has-post-thumbnail","hentry","category-futbol","category-spor","tag-pedro-franco","tag-pedro-franco-transfer","tag-serdar","tag-serdar-kurtulus","tag-torku-konyaspor"],"acf":[],"_links":{"self":[{"href":"https:\/\/www.nationalturk.com\/tr\/wp-json\/wp\/v2\/posts\/224027","targetHints":{"allow":["GET"]}}],"collection":[{"href":"https:\/\/www.nationalturk.com\/tr\/wp-json\/wp\/v2\/posts"}],"about":[{"href":"https:\/\/www.nationalturk.com\/tr\/wp-json\/wp\/v2\/types\/post"}],"author":[{"embeddable":true,"href":"https:\/\/www.nationalturk.com\/tr\/wp-json\/wp\/v2\/users\/4"}],"replies":[{"embeddable":true,"href":"https:\/\/www.nationalturk.com\/tr\/wp-json\/wp\/v2\/comments?post=224027"}],"version-history":[{"count":0,"href":"https:\/\/www.nationalturk.com\/tr\/wp-json\/wp\/v2\/posts\/224027\/revisions"}],"wp:featuredmedia":[{"embeddable":true,"href":"https:\/\/www.nationalturk.com\/tr\/wp-json\/wp\/v2\/media\/224029"}],"wp:attachment":[{"href":"https:\/\/www.nationalturk.com\/tr\/wp-json\/wp\/v2\/media?parent=224027"}],"wp:term":[{"taxonomy":"category","embeddable":true,"href":"https:\/\/www.nationalturk.com\/tr\/wp-json\/wp\/v2\/categories?post=224027"},{"taxonomy":"post_tag","embeddable":true,"href":"https:\/\/www.nationalturk.com\/tr\/wp-json\/wp\/v2\/tags?post=224027"}],"curies":[{"name":"wp","href":"https:\/\/api.w.org\/{rel}","templated":true}]}}