{"id":224173,"date":"2016-01-07T09:50:46","date_gmt":"2016-01-07T07:50:46","guid":{"rendered":"http:\/\/www.nationalturk.com\/?p=224173"},"modified":"2022-09-24T19:39:12","modified_gmt":"2022-09-24T16:39:12","slug":"abd-japonya-ve-guney-koreden-kuzey-koreye-karsi-ittifak-224173","status":"publish","type":"post","link":"https:\/\/www.nationalturk.com\/tr\/abd-japonya-ve-guney-koreden-kuzey-koreye-karsi-ittifak-224173\/","title":{"rendered":"ABD, Japonya ve G\u00fcney Kore&#8217;den Kuzey Kore&#8217;ye kar\u015f\u0131 ittifak"},"content":{"rendered":"<p><img loading=\"lazy\" decoding=\"async\" class=\"alignnone size-full wp-image-224174\" src=\"http:\/\/www.nationalturk.com\/tr\/wp-content\/uploads\/2016\/01\/obama_kore_japonya.jpg\" alt=\"\" width=\"615\" height=\"410\" title=\"\" srcset=\"https:\/\/www.nationalturk.com\/tr\/wp-content\/uploads\/2016\/01\/obama_kore_japonya.jpg 615w, https:\/\/www.nationalturk.com\/tr\/wp-content\/uploads\/2016\/01\/obama_kore_japonya-180x120.jpg 180w, https:\/\/www.nationalturk.com\/tr\/wp-content\/uploads\/2016\/01\/obama_kore_japonya-280x187.jpg 280w, https:\/\/www.nationalturk.com\/tr\/wp-content\/uploads\/2016\/01\/obama_kore_japonya-540x360.jpg 540w\" sizes=\"auto, (max-width: 615px) 100vw, 615px\" \/><\/p>\n<h1>ABD, G\u00fcney Kore ve Japonya Kore Demokratik Halk Cumhuriyeti&#8217;ne kar\u015f\u0131 ortak hareket edeceklerini duyurdu.<\/h1>\n<p>BBC&#8217;nin haberine g\u00f6re, ABD, G\u00fcney Kore ve Japonya taraf\u0131ndan yap\u0131lan a\u00e7\u0131klamada 3 \u00fclkenin Kuzey Kore&#8217;ye\u00a0kar\u015f\u0131 ortak cevap verecekleri duyuruldu.Kuzey Kore&#8217;nin hidrojen bombas\u0131 test etmesi \u00fczerine bu \u00fc\u00e7 \u00fclke Kuzey Kore&#8217;nin yapt\u0131\u011f\u0131n\u0131n &#8220;bedelini \u00f6deyece\u011fini&#8221; a\u00e7\u0131klam\u0131\u015ft\u0131.<\/p>\n<p>Birle\u015fmi\u015f Milletler G\u00fcvenlik Konseyi de Kuzey Kore&#8217;ye yeni yapt\u0131r\u0131mlar uygulanmas\u0131na karar verirken, ABD, G\u00fcney Kore ve Japonya &#8220;birle\u015fik ve g\u00fc\u00e7l\u00fc bir uluslararas\u0131 tepki&#8221; yaratmak i\u00e7in \u00e7al\u0131\u015facaklar\u0131n\u0131 bildirdi.<\/p>\n<!-- Error, Advert is not available at this time due to schedule\/geolocation restrictions! -->\n","protected":false},"excerpt":{"rendered":"<p>ABD, G\u00fcney Kore ve Japonya Kore Demokratik Halk Cumhuriyeti&#8217;ne kar\u015f\u0131 ortak hareket edeceklerini duyurdu.<\/p>\n","protected":false},"author":4,"featured_media":224174,"comment_status":"open","ping_status":"open","sticky":false,"template":"","format":"standard","meta":{"_acf_changed":false,"footnotes":""},"categories":[6768,6769,6665,6155,5005,6202,349,220816],"tags":[96449,3967,863,125058,5622,55268],"class_list":["post-224173","post","type-post","status-publish","format-standard","has-post-thumbnail","hentry","category-amerika","category-asya","category-dunya","category-gundem","category-manset","category-politika","category-son-dakika","category-uzak-dogu","tag-abd-kuzey-kore","tag-guney-kore","tag-japonya","tag-japonya-kuzey-kore","tag-kuzey-kore","tag-kuzey-kore-abd"],"acf":[],"_links":{"self":[{"href":"https:\/\/www.nationalturk.com\/tr\/wp-json\/wp\/v2\/posts\/224173","targetHints":{"allow":["GET"]}}],"collection":[{"href":"https:\/\/www.nationalturk.com\/tr\/wp-json\/wp\/v2\/posts"}],"about":[{"href":"https:\/\/www.nationalturk.com\/tr\/wp-json\/wp\/v2\/types\/post"}],"author":[{"embeddable":true,"href":"https:\/\/www.nationalturk.com\/tr\/wp-json\/wp\/v2\/users\/4"}],"replies":[{"embeddable":true,"href":"https:\/\/www.nationalturk.com\/tr\/wp-json\/wp\/v2\/comments?post=224173"}],"version-history":[{"count":0,"href":"https:\/\/www.nationalturk.com\/tr\/wp-json\/wp\/v2\/posts\/224173\/revisions"}],"wp:featuredmedia":[{"embeddable":true,"href":"https:\/\/www.nationalturk.com\/tr\/wp-json\/wp\/v2\/media\/224174"}],"wp:attachment":[{"href":"https:\/\/www.nationalturk.com\/tr\/wp-json\/wp\/v2\/media?parent=224173"}],"wp:term":[{"taxonomy":"category","embeddable":true,"href":"https:\/\/www.nationalturk.com\/tr\/wp-json\/wp\/v2\/categories?post=224173"},{"taxonomy":"post_tag","embeddable":true,"href":"https:\/\/www.nationalturk.com\/tr\/wp-json\/wp\/v2\/tags?post=224173"}],"curies":[{"name":"wp","href":"https:\/\/api.w.org\/{rel}","templated":true}]}}