{"id":224451,"date":"2016-01-14T10:48:32","date_gmt":"2016-01-14T08:48:32","guid":{"rendered":"http:\/\/www.nationalturk.com\/?p=224451"},"modified":"2016-01-14T14:27:42","modified_gmt":"2016-01-14T12:27:42","slug":"metro-arizasi-istanbullulari-cileden-cikardi-224451","status":"publish","type":"post","link":"https:\/\/www.nationalturk.com\/tr\/metro-arizasi-istanbullulari-cileden-cikardi-224451\/","title":{"rendered":"Metro ar\u0131zas\u0131 \u0130stanbullular\u0131 \u00e7ileden \u00e7\u0131kard\u0131"},"content":{"rendered":"<p><img loading=\"lazy\" decoding=\"async\" class=\"alignnone size-full wp-image-224452\" src=\"http:\/\/www.nationalturk.com\/tr\/wp-content\/uploads\/2016\/01\/metro_ariza.jpg\" alt=\"\" width=\"610\" height=\"400\" title=\"\"><\/p>\n<h1>Yenikap\u0131-Taksim aras\u0131 metro seferlerinde sabah saatlerinde aksama ya\u015fand\u0131. Yakla\u015f\u0131k yar\u0131m saat s\u00fcren ar\u0131za nedeniyle metroyu kullanmak zorunda olan \u0130stanbullular i\u015flerine ge\u00e7 kald\u0131.<\/h1>\n<p>Yetkililerden al\u0131nan bilgiye g\u00f6re, teknik ar\u0131zadan dolay\u0131 Yenikap\u0131-Taksim aras\u0131 seferler bir s\u00fcre yap\u0131lamad\u0131.Yenikap\u0131 Metro istasyonunda giri\u015f turnikelerine emniyet \u015feridi \u00e7ekilirken, turnikelerde bekleyen yolcular otob\u00fcslere y\u00f6nlendirildi.<\/p>\n<p>Vezneciler metro istasyonunda ise metro giri\u015findeki kepenklerin indirildi\u011fi g\u00f6r\u00fcld\u00fc.\u00a0\u0130BB&#8217;den al\u0131nan bilgiye g\u00f6re sens\u00f6r ar\u0131zas\u0131 giderildikten sonra seferler yeniden ba\u015flad\u0131.<\/p>\n<!-- Error, Advert is not available at this time due to schedule\/geolocation restrictions! -->\n","protected":false},"excerpt":{"rendered":"<p>Yenikap\u0131-Taksim aras\u0131 metro seferlerinde sabah saatlerinde aksama ya\u015fand\u0131. Yakla\u015f\u0131k yar\u0131m saat s\u00fcren ar\u0131za nedeniyle metroyu kullanmak zorunda olan \u0130stanbullular i\u015flerine ge\u00e7 kald\u0131.<\/p>\n","protected":false},"author":4,"featured_media":224452,"comment_status":"open","ping_status":"open","sticky":false,"template":"","format":"standard","meta":{"_acf_changed":false,"footnotes":""},"categories":[6155,5005,349,6805],"tags":[1011,2590],"class_list":["post-224451","post","type-post","status-publish","format-standard","has-post-thumbnail","hentry","category-gundem","category-manset","category-son-dakika","category-turkiye","tag-istanbul","tag-metro"],"acf":[],"_links":{"self":[{"href":"https:\/\/www.nationalturk.com\/tr\/wp-json\/wp\/v2\/posts\/224451","targetHints":{"allow":["GET"]}}],"collection":[{"href":"https:\/\/www.nationalturk.com\/tr\/wp-json\/wp\/v2\/posts"}],"about":[{"href":"https:\/\/www.nationalturk.com\/tr\/wp-json\/wp\/v2\/types\/post"}],"author":[{"embeddable":true,"href":"https:\/\/www.nationalturk.com\/tr\/wp-json\/wp\/v2\/users\/4"}],"replies":[{"embeddable":true,"href":"https:\/\/www.nationalturk.com\/tr\/wp-json\/wp\/v2\/comments?post=224451"}],"version-history":[{"count":0,"href":"https:\/\/www.nationalturk.com\/tr\/wp-json\/wp\/v2\/posts\/224451\/revisions"}],"wp:featuredmedia":[{"embeddable":true,"href":"https:\/\/www.nationalturk.com\/tr\/wp-json\/wp\/v2\/media\/224452"}],"wp:attachment":[{"href":"https:\/\/www.nationalturk.com\/tr\/wp-json\/wp\/v2\/media?parent=224451"}],"wp:term":[{"taxonomy":"category","embeddable":true,"href":"https:\/\/www.nationalturk.com\/tr\/wp-json\/wp\/v2\/categories?post=224451"},{"taxonomy":"post_tag","embeddable":true,"href":"https:\/\/www.nationalturk.com\/tr\/wp-json\/wp\/v2\/tags?post=224451"}],"curies":[{"name":"wp","href":"https:\/\/api.w.org\/{rel}","templated":true}]}}