{"id":224471,"date":"2016-01-15T09:59:43","date_gmt":"2016-01-15T07:59:43","guid":{"rendered":"http:\/\/www.nationalturk.com\/?p=224471"},"modified":"2016-01-15T09:59:43","modified_gmt":"2016-01-15T07:59:43","slug":"asli-cakir-alptekin-hakkinda-sok-eden-iddia-atletizmde-simdi-de-rusvet-skandali-224471","status":"publish","type":"post","link":"https:\/\/www.nationalturk.com\/tr\/asli-cakir-alptekin-hakkinda-sok-eden-iddia-atletizmde-simdi-de-rusvet-skandali-224471\/","title":{"rendered":"Asl\u0131 \u00c7ak\u0131r Alptekin hakk\u0131nda \u015fok eden iddia! Atletizmde \u015fimdi de r\u00fc\u015fvet skandal\u0131"},"content":{"rendered":"<p><img loading=\"lazy\" decoding=\"async\" class=\"alignnone size-large wp-image-224472\" src=\"http:\/\/www.nationalturk.com\/tr\/wp-content\/uploads\/2016\/01\/asli_cakir_alptekin-610x327.jpeg\" alt=\"Asl\u0131 \u00c7ak\u0131r Alptekin\" width=\"610\" height=\"327\" title=\"\" srcset=\"https:\/\/www.nationalturk.com\/tr\/wp-content\/uploads\/2016\/01\/asli_cakir_alptekin-610x327.jpeg 610w, https:\/\/www.nationalturk.com\/tr\/wp-content\/uploads\/2016\/01\/asli_cakir_alptekin-280x150.jpeg 280w, https:\/\/www.nationalturk.com\/tr\/wp-content\/uploads\/2016\/01\/asli_cakir_alptekin.jpeg 620w\" sizes=\"auto, (max-width: 610px) 100vw, 610px\" \/><\/p>\n<h1>WADA&#8217;n\u0131n raporunda, 2012 Londra Olimpiyatlar\u0131&#8217;nda alt\u0131n madalya kazanan Asl\u0131 \u00c7ak\u0131r Alptekin&#8217;in, doping yapt\u0131\u011f\u0131 ortaya \u00e7\u0131k\u0131nca Uluslararas\u0131 Atletizm Federasyonlar\u0131 Birli\u011fi Ba\u015fkan\u0131 Lamine Diack&#8217;\u0131n o\u011flu Papa&#8217;ya r\u00fc\u015fvet verdi\u011fi iddia edildi.<\/h1>\n<p>D\u00fcnya Dopingle M\u00fccadele Ajans\u0131 (WADA), haz\u0131rlad\u0131\u011f\u0131 ikinci doping raporunu a\u00e7\u0131klad\u0131. Bu raporda T\u00fcrkiye&#8217;yi de yak\u0131ndan ilgilendiren belgeler yer al\u0131yor.<\/p>\n<p>WADA&#8217;n\u0131n raporunda, 2012 Londra Olimpiyatlar\u0131&#8217;nda 1500 metreyi birinci bitirip zafere ula\u015fan Asl\u0131 \u00c7ak\u0131r Alptekin\u2019in, dopingli \u00e7\u0131kmas\u0131n\u0131n ard\u0131ndan bunun gizlenmesi i\u00e7in Uluslararas\u0131 Atletizm Federasyonu&#8217;na (IAAF) r\u00fc\u015fvet verdi\u011fi raporda iddia edildi. Raporda, art\u0131k \u201cr\u00fc\u015fvet\u00e7i ba\u015fkan\u201d olarak an\u0131lan IAAF eski ba\u015fkan\u0131 Lamine Diack&#8217;\u0131n o\u011flu Papa ile Alptekin\u2019in pazarl\u0131k yapt\u0131\u011f\u0131 \u00f6ne s\u00fcr\u00fcld\u00fc.<\/p>\n<p>Buna g\u00f6re Papa ilk olarak Alptekin\u2019in kul\u00fcp temsilcileriyle 13-17 Kas\u0131m 2012\u2019de Monaco\u2019da g\u00f6r\u00fc\u015ft\u00fc. Dopingin \u00f6rtbas edilmesi i\u00e7in Alptekin\u2019den 650 bin Euro istedi, ancak daha sonra bu miktar\u0131 300 bin Euro\u2019ya kadar d\u00fc\u015f\u00fcrd\u00fc. Kul\u00fcp temsilcileri \u00f6deme yapmay\u0131 reddetti.<\/p>\n<p>\u00dc\u00e7 g\u00fcn sonra Papa bu kez \u0130stanbul\u2019a geldi. Otel masraflar\u0131n\u0131 Alptekin \u00f6dedi. Ak\u015fam Alptekin, e\u015fi ve antren\u00f6r\u00fc ile birlikte otele geldi. Kul\u00fcb\u00fcn ba\u015fkan\u0131 ve Frans\u0131zca bilen kul\u00fcp doktoru da yan\u0131ndayd\u0131. Raporda Alptekin cephesinin 100 bin-250 bin Euro aras\u0131nda bir mebla\u011f\u0131 \u00f6demeyi kabul etti\u011fi savunuldu. Alptekin\u2019in 35 bin Euro&#8217;yu nakit olarak \u00f6dedi\u011fi raporda yer alan bir di\u011fer iddia.<\/p>\n<p>Raporda ayr\u0131ca, Diack ailesinin T\u00fcrkiye&#8217;den Diamond League i\u00e7in 5 milyon dolar sponsorluk istedi\u011fi, bu iste\u011fin kabul g\u00f6rmemesi nedeniyle de 2020 Olimpiyatlar\u0131n\u0131 Tokyo&#8217;ya verdi\u011fi iddia edildi. Ancak s\u00f6z konusu iddia WADA&#8217;n\u0131n alan\u0131na girmedi\u011fi i\u00e7in detaylar\u0131 soru\u015fturmaya dahil edilmedi.<\/p>\n<!-- Error, Advert is not available at this time due to schedule\/geolocation restrictions! -->\n","protected":false},"excerpt":{"rendered":"<p>WADA&#8217;n\u0131n raporunda, 2012 Londra Olimpiyatlar\u0131&#8217;nda alt\u0131n madalya kazanan Asl\u0131 \u00c7ak\u0131r Alptekin&#8217;in, doping yapt\u0131\u011f\u0131 ortaya \u00e7\u0131k\u0131nca Uluslararas\u0131 Atletizm Federasyonlar\u0131 Birli\u011fi Ba\u015fkan\u0131 Lamine Diack&#8217;\u0131n o\u011flu Papa&#8217;ya r\u00fc\u015fvet verdi\u011fi iddia edildi.<\/p>\n","protected":false},"author":4,"featured_media":224474,"comment_status":"open","ping_status":"open","sticky":false,"template":"","format":"standard","meta":{"_acf_changed":false,"footnotes":""},"categories":[6773,5005,349,6194],"tags":[108709,198462,181214],"class_list":["post-224471","post","type-post","status-publish","format-standard","has-post-thumbnail","hentry","category-atletizm","category-manset","category-son-dakika","category-spor","tag-asli-cakir-alptekin","tag-lamine-diack","tag-wada"],"acf":[],"_links":{"self":[{"href":"https:\/\/www.nationalturk.com\/tr\/wp-json\/wp\/v2\/posts\/224471","targetHints":{"allow":["GET"]}}],"collection":[{"href":"https:\/\/www.nationalturk.com\/tr\/wp-json\/wp\/v2\/posts"}],"about":[{"href":"https:\/\/www.nationalturk.com\/tr\/wp-json\/wp\/v2\/types\/post"}],"author":[{"embeddable":true,"href":"https:\/\/www.nationalturk.com\/tr\/wp-json\/wp\/v2\/users\/4"}],"replies":[{"embeddable":true,"href":"https:\/\/www.nationalturk.com\/tr\/wp-json\/wp\/v2\/comments?post=224471"}],"version-history":[{"count":0,"href":"https:\/\/www.nationalturk.com\/tr\/wp-json\/wp\/v2\/posts\/224471\/revisions"}],"wp:featuredmedia":[{"embeddable":true,"href":"https:\/\/www.nationalturk.com\/tr\/wp-json\/wp\/v2\/media\/224474"}],"wp:attachment":[{"href":"https:\/\/www.nationalturk.com\/tr\/wp-json\/wp\/v2\/media?parent=224471"}],"wp:term":[{"taxonomy":"category","embeddable":true,"href":"https:\/\/www.nationalturk.com\/tr\/wp-json\/wp\/v2\/categories?post=224471"},{"taxonomy":"post_tag","embeddable":true,"href":"https:\/\/www.nationalturk.com\/tr\/wp-json\/wp\/v2\/tags?post=224471"}],"curies":[{"name":"wp","href":"https:\/\/api.w.org\/{rel}","templated":true}]}}