{"id":224504,"date":"2016-01-15T13:47:00","date_gmt":"2016-01-15T11:47:00","guid":{"rendered":"http:\/\/www.nationalturk.com\/?p=224504"},"modified":"2016-01-15T13:52:44","modified_gmt":"2016-01-15T11:52:44","slug":"abdullah-comert-davasina-balikesirde-devam-edildi-224504","status":"publish","type":"post","link":"https:\/\/www.nationalturk.com\/tr\/abdullah-comert-davasina-balikesirde-devam-edildi-224504\/","title":{"rendered":"Abdullah C\u00f6mert davas\u0131na Bal\u0131kesir&#8217;de devam edildi"},"content":{"rendered":"<p><img loading=\"lazy\" decoding=\"async\" class=\"alignnone size-large wp-image-224505\" src=\"http:\/\/www.nationalturk.com\/tr\/wp-content\/uploads\/2016\/01\/abdullah_comert_davasi_-540x360.jpg\" alt=\"Abdullah C\u00f6mert davas\u0131\" width=\"610\" height=\"390\" title=\"\"><\/p>\n<h1>Hatay&#8217;daki Gezi Park\u0131\u00a0eyleminde Abdullah C\u00f6mert&#8217;in ya\u015fam\u0131n\u0131 yitirmesine ili\u015fkin hakk\u0131nda dava a\u00e7\u0131lan polis memuru Ahmet Ku\u015f&#8217;un yarg\u0131lanmas\u0131na Bal\u0131kesir&#8217;de devam edildi.<\/h1>\n<p>Bal\u0131kesir 2&#8217;nci A\u011f\u0131r Ceza Mahkemesindeki duru\u015fmada Abdullah C\u00f6mert&#8217;in annesi Hatice ve babas\u0131 Edip C\u00f6mert ile 7 avukat haz\u0131r bulundu. Tutuksuz yarg\u0131lanan Ku\u015f ise duru\u015fmaya Mersin&#8217;den Ses ve G\u00f6r\u00fcnt\u00fc Bili\u015fim Sistemi (SEGB\u0130S) arac\u0131l\u0131\u011f\u0131yla kat\u0131ld\u0131.<\/p>\n<p>Mahkeme heyeti, C\u00f6mert ailesinin avukatlar\u0131n\u0131n san\u0131\u011f\u0131n tutuklanmas\u0131 talebini reddederek, duru\u015fmay\u0131 m\u00fc\u015ftekilerin esasa ili\u015fkin g\u00f6r\u00fc\u015flerinin al\u0131nmas\u0131 i\u00e7in 19 \u015eubat&#8217;a erteledi.<\/p>\n<p>Duru\u015fma \u00e7\u0131k\u0131\u015f\u0131nda gazetecilere a\u00e7\u0131klama yapan anne C\u00f6mert, ba\u015fka annelerin a\u011flamamas\u0131 dile\u011finde bulundu.<\/p>\n<p>C\u00f6mert, &#8220;2,5 y\u0131ld\u0131r a\u011fl\u0131yorum. 2,5 y\u0131l ge\u00e7ti. Bu, 8&#8217;inci duru\u015fma. Hakim ve savc\u0131lar korkuyor, ceza vermiyor. Katil d\u0131\u015far\u0131da, tutuklam\u0131yorlar \u00e7\u00fcnk\u00fc herkes korkuyor. Bizi Hatay&#8217;dan Bal\u0131kesir&#8217;e s\u00fcr\u00fcklediler. Neden bu dava Hatay&#8217;da g\u00f6r\u00fclmedi? \u00c7\u00fcnk\u00fc bizi yormak istiyorlar. Bize ceza veriyorlar&#8221; diye konu\u015ftu.<\/p>\n<p>Hatay&#8217;\u0131n Antakya il\u00e7esinde 2 Haziran 2013&#8217;teki Gezi Park\u0131 odakl\u0131 protestolar s\u0131ras\u0131nda biber gaz\u0131 kaps\u00fcl\u00fcn\u00fcn ba\u015f\u0131na isabet etmesiyle ya\u015fam\u0131n\u0131 yitiren Abdullah C\u00f6mert&#8217;in \u00f6l\u00fcm\u00fcyle ilgili davan\u0131n, g\u00fcvenlik gerek\u00e7esiyle Bal\u0131kesir 2&#8217;nci A\u011f\u0131r Ceza Mahkemesinde g\u00f6r\u00fclmesine karar verilmi\u015fti.<\/p>\n<!-- Error, Advert is not available at this time due to schedule\/geolocation restrictions! -->\n","protected":false},"excerpt":{"rendered":"<p>Hatay&#8217;daki Gezi Park\u0131 eyleminde Abdullah C\u00f6mert&#8217;in ya\u015fam\u0131n\u0131 yitirmesine ili\u015fkin hakk\u0131nda dava a\u00e7\u0131lan polis memuru Ahmet Ku\u015f&#8217;un yarg\u0131lanmas\u0131na Bal\u0131kesir&#8217;de devam edildi.<\/p>\n","protected":false},"author":4,"featured_media":0,"comment_status":"open","ping_status":"open","sticky":false,"template":"","format":"standard","meta":{"_acf_changed":false,"footnotes":""},"categories":[6155,5005,6202,6805],"tags":[131371,168282,166488,11984,158126,92829,131226],"class_list":["post-224504","post","type-post","status-publish","format-standard","has-post-thumbnail","hentry","category-gundem","category-manset","category-politika","category-turkiye","tag-abdullah-comert","tag-abdullah-comert-balikesir","tag-abdullah-comert-davasi","tag-balikesir","tag-gezi-eylemleri","tag-gezi-parki","tag-gezi-parki-olaylari"],"acf":[],"_links":{"self":[{"href":"https:\/\/www.nationalturk.com\/tr\/wp-json\/wp\/v2\/posts\/224504","targetHints":{"allow":["GET"]}}],"collection":[{"href":"https:\/\/www.nationalturk.com\/tr\/wp-json\/wp\/v2\/posts"}],"about":[{"href":"https:\/\/www.nationalturk.com\/tr\/wp-json\/wp\/v2\/types\/post"}],"author":[{"embeddable":true,"href":"https:\/\/www.nationalturk.com\/tr\/wp-json\/wp\/v2\/users\/4"}],"replies":[{"embeddable":true,"href":"https:\/\/www.nationalturk.com\/tr\/wp-json\/wp\/v2\/comments?post=224504"}],"version-history":[{"count":0,"href":"https:\/\/www.nationalturk.com\/tr\/wp-json\/wp\/v2\/posts\/224504\/revisions"}],"wp:attachment":[{"href":"https:\/\/www.nationalturk.com\/tr\/wp-json\/wp\/v2\/media?parent=224504"}],"wp:term":[{"taxonomy":"category","embeddable":true,"href":"https:\/\/www.nationalturk.com\/tr\/wp-json\/wp\/v2\/categories?post=224504"},{"taxonomy":"post_tag","embeddable":true,"href":"https:\/\/www.nationalturk.com\/tr\/wp-json\/wp\/v2\/tags?post=224504"}],"curies":[{"name":"wp","href":"https:\/\/api.w.org\/{rel}","templated":true}]}}