{"id":224771,"date":"2016-01-21T09:58:35","date_gmt":"2016-01-21T07:58:35","guid":{"rendered":"http:\/\/www.nationalturk.com\/?p=224771"},"modified":"2026-04-27T02:20:21","modified_gmt":"2026-04-26T23:20:21","slug":"trabzonspor-hami-mandiraliya-emanet-224771","status":"publish","type":"post","link":"https:\/\/www.nationalturk.com\/tr\/trabzonspor-hami-mandiraliya-emanet-224771\/","title":{"rendered":"Trabzonspor Hami Mand\u0131ral\u0131&#8217;ya emanet"},"content":{"rendered":"<p><img loading=\"lazy\" decoding=\"async\" class=\"alignnone size-full wp-image-224772\" src=\"http:\/\/www.nationalturk.com\/tr\/wp-content\/uploads\/2016\/01\/hami_mandirali.jpg\" alt=\"Hami Mand\u0131ral\u0131\" width=\"600\" height=\"394\" title=\"\" srcset=\"https:\/\/www.nationalturk.com\/tr\/wp-content\/uploads\/2016\/01\/hami_mandirali.jpg 600w, https:\/\/www.nationalturk.com\/tr\/wp-content\/uploads\/2016\/01\/hami_mandirali-280x184.jpg 280w, https:\/\/www.nationalturk.com\/tr\/wp-content\/uploads\/2016\/01\/hami_mandirali-548x360.jpg 548w\" sizes=\"auto, (max-width: 600px) 100vw, 600px\" \/><\/p>\n<h1>Trabzonspor&#8217;da y\u00f6netim teknik direkt\u00f6rl\u00fc\u011fe bordo mavili camian\u0131n efsane isimlerinden Hami Mand\u0131ral\u0131&#8217;y\u0131 getirdi.<\/h1>\n<p>G\u00f6reve gelirken Mircea Lucescu&#8217;yu Trabzonspor&#8217;un ba\u015f\u0131na getirmek istedi\u011fini s\u00f6yleyen ancak Rumen isimden olumsuz cevap alan y\u00f6netim, bordo-mavililerin eski teknik direkt\u00f6r\u00fc Hami Mand\u0131ral\u0131 ile anla\u015fmaya vard\u0131.<\/p>\n<p>Trabzonspor&#8217;dan Kamu Ayd\u0131nlatma Platformu&#8217;na yap\u0131lan a\u00e7\u0131klamada, &#8220;Profesyonel Futbol Tak\u0131m\u0131m\u0131z teknik direkt\u00f6rl\u00fc\u011f\u00fc konusunda Say\u0131n Hami Mand\u0131ral\u0131 ile bir y\u0131l\u0131 opsiyonlu olmak \u00fczere bir bu\u00e7uk y\u0131ll\u0131k anla\u015fma sa\u011flanm\u0131\u015ft\u0131r. Anla\u015fmaya g\u00f6re; Say\u0131n Hami Mand\u0131ral\u0131&#8217;ya ayl\u0131k 100.000.TL \u00f6denecektir&#8221; denildi.<\/p>\n<!-- Error, Advert is not available at this time due to schedule\/geolocation restrictions! -->\n","protected":false},"excerpt":{"rendered":"<p>Trabzonspor&#8217;da y\u00f6netim teknik direkt\u00f6rl\u00fc\u011fe bordo mavili camian\u0131n efsane isimlerinden Hami Mand\u0131ral\u0131&#8217;y\u0131 getirdi.<\/p>\n","protected":false},"author":4,"featured_media":224772,"comment_status":"open","ping_status":"open","sticky":false,"template":"","format":"standard","meta":{"_acf_changed":false,"footnotes":""},"categories":[6774,5005,349,6194],"tags":[130882,3037,4117],"class_list":["post-224771","post","type-post","status-publish","format-standard","has-post-thumbnail","hentry","category-futbol","category-manset","category-son-dakika","category-spor","tag-muharrem-usta","tag-trabzon","tag-trabzonspor"],"acf":[],"_links":{"self":[{"href":"https:\/\/www.nationalturk.com\/tr\/wp-json\/wp\/v2\/posts\/224771","targetHints":{"allow":["GET"]}}],"collection":[{"href":"https:\/\/www.nationalturk.com\/tr\/wp-json\/wp\/v2\/posts"}],"about":[{"href":"https:\/\/www.nationalturk.com\/tr\/wp-json\/wp\/v2\/types\/post"}],"author":[{"embeddable":true,"href":"https:\/\/www.nationalturk.com\/tr\/wp-json\/wp\/v2\/users\/4"}],"replies":[{"embeddable":true,"href":"https:\/\/www.nationalturk.com\/tr\/wp-json\/wp\/v2\/comments?post=224771"}],"version-history":[{"count":1,"href":"https:\/\/www.nationalturk.com\/tr\/wp-json\/wp\/v2\/posts\/224771\/revisions"}],"predecessor-version":[{"id":308865,"href":"https:\/\/www.nationalturk.com\/tr\/wp-json\/wp\/v2\/posts\/224771\/revisions\/308865"}],"wp:featuredmedia":[{"embeddable":true,"href":"https:\/\/www.nationalturk.com\/tr\/wp-json\/wp\/v2\/media\/224772"}],"wp:attachment":[{"href":"https:\/\/www.nationalturk.com\/tr\/wp-json\/wp\/v2\/media?parent=224771"}],"wp:term":[{"taxonomy":"category","embeddable":true,"href":"https:\/\/www.nationalturk.com\/tr\/wp-json\/wp\/v2\/categories?post=224771"},{"taxonomy":"post_tag","embeddable":true,"href":"https:\/\/www.nationalturk.com\/tr\/wp-json\/wp\/v2\/tags?post=224771"}],"curies":[{"name":"wp","href":"https:\/\/api.w.org\/{rel}","templated":true}]}}