{"id":225154,"date":"2016-01-29T12:01:22","date_gmt":"2016-01-29T10:01:22","guid":{"rendered":"http:\/\/www.nationalturk.com\/?p=225154"},"modified":"2022-09-11T01:28:58","modified_gmt":"2022-09-10T22:28:58","slug":"venedik-karnavali-foto-galeri-225154","status":"publish","type":"post","link":"https:\/\/www.nationalturk.com\/tr\/venedik-karnavali-foto-galeri-225154\/","title":{"rendered":"En \u00f6zel anlar\u0131yla Venedik Karnaval\u0131 Video"},"content":{"rendered":"<h1>D\u00fcnyan\u0131n en eski festivallerinden Venedik Karnaval\u0131, t\u00fcm renkleriyle s\u00fcr\u00fcyor.<\/h1>\n<p>Karnaval birbirinden renkli g\u00f6r\u00fcnt\u00fclere sahne olmaya devam ediyor.<\/p>\n<p>\u0130talya\u2019n\u0131n Venedik kentinde her y\u0131l d\u00fczenlenen Venedik Karnaval\u0131, \u00e7e\u015fitli kost\u00fcmler giymi\u015f fig\u00fcranlar gondollar\u0131yla B\u00fcy\u00fck Kanal ve Cannareggio kanal\u0131nda ge\u00e7i\u015f yapt\u0131. Fig\u00fcranlar\u0131n ge\u00e7it t\u00f6reni, yerli ve yabanc\u0131 turistler taraf\u0131ndan b\u00fcy\u00fck ilgiyle izlendi. Etkinli\u011fi izlemeye gelenlerin kost\u00fcm ve makyajlar\u0131 ilgi oda\u011f\u0131 oldu.<\/p>\n<h2><strong>Venedik Karnaval\u0131&#8217;ndan bir birbirinden renkli g\u00f6r\u00fcnt\u00fcler<\/strong><\/h2>\n[flagallery gid=241]\n<p>Kanallar\u0131 ve gondol turlar\u0131yla \u00fcnl\u00fc Venedik kentinde <a title=\"Turizm\" href=\"https:\/\/www.nationalturk.com\/tr\/turizm\/\" target=\"_blank\" rel=\"noopener\">Turizm<\/a> ve karnaval etkinlikleri 2 hafta boyunca devam edecek. Festival s\u00fcresince Venedik sokaklar\u0131, farkl\u0131 maskeler ve kost\u00fcmlerle dola\u015fan insanlarla renklenecek. Karnaval kapsam\u0131nda kent genelinde 117 farkl\u0131 etkinlik d\u00fczenlenecek. S\u00fcrekli olarak Venedik karnaval\u0131 videolar\u0131 payla\u015f\u0131lacak. \u015eehrin tarihi saraylar\u0131nda balolar ve konserler d\u00fczenlenirken, Venedik\u2019in simgesi kanallarda ise gondollarla ge\u00e7it t\u00f6renleri yap\u0131lacak.<\/p>\n<h3><strong>Venedik Karnaval\u0131 video<\/strong><\/h3>\n<p>&nbsp;<\/p>\n<div style=\"width: 610px;\" class=\"wp-video\"><video class=\"wp-video-shortcode\" id=\"video-225154-1\" width=\"610\" height=\"340\" preload=\"metadata\" controls=\"controls\"><source type=\"video\/mp4\" src=\"http:\/\/www.nationalturk.com\/tr\/wp-content\/uploads\/2016\/01\/venedik.mp4?_=1\" \/><a href=\"http:\/\/www.nationalturk.com\/tr\/wp-content\/uploads\/2016\/01\/venedik.mp4\">http:\/\/www.nationalturk.com\/tr\/wp-content\/uploads\/2016\/01\/venedik.mp4<\/a><\/video><\/div>\n<p>&nbsp;<\/p>\n<p>Sanat y\u00f6netmenli\u011fini modac\u0131 Marco Maccapani\u2019nin \u00fcstlendi\u011fi bu y\u0131lki karnaval, sanat ve geleneklere adand\u0131. binlerce ki\u015finin geleneksel maske ve kost\u00fcmlerle kat\u0131ld\u0131\u011f\u0131 karnavalda turistler ve kent sakinleri \u015fehrin sokaklar\u0131nda renkli g\u00f6r\u00fcnt\u00fcler olu\u015fturdu. Venedik Karnaval\u0131, 9 \u015eubat\u2019ta en g\u00fczel kost\u00fcm ve maske yar\u0131\u015fmas\u0131n\u0131n b\u00fcy\u00fck finaliyle son bulacak.<\/p>\n<p><span style=\"color: #ff0000;\"><strong><a style=\"color: #ff0000;\" href=\"http:\/\/www.wts.com.tr\/venedik-karnavali.htm\" target=\"_blank\" rel=\"noopener\">T\u0131klay\u0131n Venedik Karnaval\u0131 heyecan\u0131n\u0131 yerinde ya\u015fay\u0131n<\/a><\/strong><\/span><\/p>\n<!-- Error, Advert is not available at this time due to schedule\/geolocation restrictions! -->\n","protected":false},"excerpt":{"rendered":"<p>D\u00fcnyan\u0131n en eski festivallerinden Venedik Karnaval\u0131, t\u00fcm renkleriyle s\u00fcr\u00fcyor. Karnaval birbirinden renkli g\u00f6r\u00fcnt\u00fclere sahne olmaya devam ediyor.<\/p>\n","protected":false},"author":3,"featured_media":225158,"comment_status":"open","ping_status":"open","sticky":false,"template":"","format":"standard","meta":{"_acf_changed":false,"footnotes":""},"categories":[6770,6664,6666,36169,6670,6671,6662],"tags":[3590,201378,61565,129712,61564,93247,154243,154244,114638,4295],"class_list":["post-225154","post","type-post","status-publish","format-standard","has-post-thumbnail","hentry","category-avrupa","category-eglence","category-etkinlikler","category-fotograflar","category-sanat","category-seyahat","category-yasam","tag-venedik","tag-venedik-fotograflari","tag-venedik-gondol","tag-venedik-italya","tag-venedik-karnavali","tag-venedik-karnavali-basladi","tag-venedik-karnavali-italya","tag-venedik-karnavali-maske","tag-venedik-karnavali-turlari","tag-venedik-turu"],"acf":[],"_links":{"self":[{"href":"https:\/\/www.nationalturk.com\/tr\/wp-json\/wp\/v2\/posts\/225154","targetHints":{"allow":["GET"]}}],"collection":[{"href":"https:\/\/www.nationalturk.com\/tr\/wp-json\/wp\/v2\/posts"}],"about":[{"href":"https:\/\/www.nationalturk.com\/tr\/wp-json\/wp\/v2\/types\/post"}],"author":[{"embeddable":true,"href":"https:\/\/www.nationalturk.com\/tr\/wp-json\/wp\/v2\/users\/3"}],"replies":[{"embeddable":true,"href":"https:\/\/www.nationalturk.com\/tr\/wp-json\/wp\/v2\/comments?post=225154"}],"version-history":[{"count":0,"href":"https:\/\/www.nationalturk.com\/tr\/wp-json\/wp\/v2\/posts\/225154\/revisions"}],"wp:featuredmedia":[{"embeddable":true,"href":"https:\/\/www.nationalturk.com\/tr\/wp-json\/wp\/v2\/media\/225158"}],"wp:attachment":[{"href":"https:\/\/www.nationalturk.com\/tr\/wp-json\/wp\/v2\/media?parent=225154"}],"wp:term":[{"taxonomy":"category","embeddable":true,"href":"https:\/\/www.nationalturk.com\/tr\/wp-json\/wp\/v2\/categories?post=225154"},{"taxonomy":"post_tag","embeddable":true,"href":"https:\/\/www.nationalturk.com\/tr\/wp-json\/wp\/v2\/tags?post=225154"}],"curies":[{"name":"wp","href":"https:\/\/api.w.org\/{rel}","templated":true}]}}