{"id":225355,"date":"2016-02-02T14:43:53","date_gmt":"2016-02-02T12:43:53","guid":{"rendered":"http:\/\/www.nationalturk.com\/?p=225355"},"modified":"2016-02-02T14:48:06","modified_gmt":"2016-02-02T12:48:06","slug":"son-dakika-turkiye-kupasinda-eslesmeler-belli-oldu-225355","status":"publish","type":"post","link":"https:\/\/www.nationalturk.com\/tr\/son-dakika-turkiye-kupasinda-eslesmeler-belli-oldu-225355\/","title":{"rendered":"Son Dakika! T\u00fcrkiye Kupas\u0131&#8217;nda e\u015fle\u015fmeler belli oldu"},"content":{"rendered":"<p><img loading=\"lazy\" decoding=\"async\" class=\"alignnone size-large wp-image-225356\" src=\"http:\/\/www.nationalturk.com\/tr\/wp-content\/uploads\/2016\/02\/turkiye_kupasi-610x304.jpg\" alt=\"T\u00fcrkiye Kupas\u0131\" width=\"610\" height=\"304\" title=\"\" srcset=\"https:\/\/www.nationalturk.com\/tr\/wp-content\/uploads\/2016\/02\/turkiye_kupasi-610x304.jpg 610w, https:\/\/www.nationalturk.com\/tr\/wp-content\/uploads\/2016\/02\/turkiye_kupasi-280x140.jpg 280w, https:\/\/www.nationalturk.com\/tr\/wp-content\/uploads\/2016\/02\/turkiye_kupasi.jpg 700w\" sizes=\"auto, (max-width: 610px) 100vw, 610px\" \/><\/p>\n<h1>Ziraat T\u00fcrkiye Kupas\u0131&#8217;nda \u00c7eyrek Final kuralar\u0131 \u00e7ekildi. \/ Son Dakika&#8230;<\/h1>\n<p>Riva&#8217;daki kura \u00e7ekimi sonras\u0131 e\u015fle\u015fmeler \u015f\u00f6yle olu\u015ftu;<\/p>\n<p>Be\u015fikta\u015f &#8211; Torku Konyaspor<\/p>\n<p>Amed Sportif &#8211; Fenerbah\u00e7e<\/p>\n<p>Medipol Ba\u015fak\u015fehir &#8211; \u00c7aykur Rizespor<\/p>\n<p>Akhisar Belediye &#8211; Galatasaray<\/p>\n<p><strong>Yar\u0131 final e\u015fle\u015fmeleri ise \u015f\u00f6yle oldu;<\/strong><\/p>\n<p>Be\u015fikta\u015f &#8211; Torku Konyaspor \/ Amed Sportif &#8211; Fenerbah\u00e7e<\/p>\n<p>Akhisar Belediye &#8211; Galatasaray \/ Medipol Ba\u015fak\u015fehir &#8211; \u00c7aykur Rizespor<\/p>\n<p>Kura \u00e7ekimine Son 16 Turu kar\u015f\u0131la\u015fmas\u0131n\u0131 kazanan Fenerbah\u00e7e A.\u015e., Amed Sportif Faaliyetleri, Torku Konyaspor, Be\u015fikta\u015f A.\u015e., \u00c7aykur Rizespor A.\u015e., Galatasaray A.\u015e., Medipol Ba\u015fak\u015fehir FK ve Akhisar Belediye Gen\u00e7lik ve Spor&#8217;un temsilcileri ile TFF yetkilileri kat\u0131ld\u0131.<\/p>\n<p>Kura \u00e7ekiminde Galatasaray, Fenerbah\u00e7e, Be\u015fikta\u015f ve Ba\u015fak\u015fehir seri ba\u015f\u0131 olarak yer ald\u0131.<\/p>\n<p>\u00c7eyrek final ilk ma\u00e7lar\u0131 9, 10 ve 11 \u015eubat, r\u00f6van\u015flar ise 1,2 ve 3 Mart tarihlerinde oynanacak.<\/p>\n<!-- Error, Advert is not available at this time due to schedule\/geolocation restrictions! -->\n","protected":false},"excerpt":{"rendered":"<p>Ziraat T\u00fcrkiye Kupas\u0131&#8217;nda \u00c7eyrek Final kuralar\u0131 \u00e7ekildi. \/ Son Dakika&#8230;<\/p>\n","protected":false},"author":4,"featured_media":225358,"comment_status":"open","ping_status":"open","sticky":false,"template":"","format":"standard","meta":{"_acf_changed":false,"footnotes":""},"categories":[6774,5005,349,6194],"tags":[27382,146056,7086,61088,61089,51673,146055,7088],"class_list":["post-225355","post","type-post","status-publish","format-standard","has-post-thumbnail","hentry","category-futbol","category-manset","category-son-dakika","category-spor","tag-son-dakika","tag-son-dakika-turkiye-kupasi","tag-turkiye-kupasi","tag-turkiye-kupasi-eslesmeler","tag-turkiye-kupasi-kura","tag-turkiye-kupasi-kuralari","tag-turkiye-kupasi-son-dakika","tag-ziraat-turkiye-kupasi"],"acf":[],"_links":{"self":[{"href":"https:\/\/www.nationalturk.com\/tr\/wp-json\/wp\/v2\/posts\/225355","targetHints":{"allow":["GET"]}}],"collection":[{"href":"https:\/\/www.nationalturk.com\/tr\/wp-json\/wp\/v2\/posts"}],"about":[{"href":"https:\/\/www.nationalturk.com\/tr\/wp-json\/wp\/v2\/types\/post"}],"author":[{"embeddable":true,"href":"https:\/\/www.nationalturk.com\/tr\/wp-json\/wp\/v2\/users\/4"}],"replies":[{"embeddable":true,"href":"https:\/\/www.nationalturk.com\/tr\/wp-json\/wp\/v2\/comments?post=225355"}],"version-history":[{"count":0,"href":"https:\/\/www.nationalturk.com\/tr\/wp-json\/wp\/v2\/posts\/225355\/revisions"}],"wp:featuredmedia":[{"embeddable":true,"href":"https:\/\/www.nationalturk.com\/tr\/wp-json\/wp\/v2\/media\/225358"}],"wp:attachment":[{"href":"https:\/\/www.nationalturk.com\/tr\/wp-json\/wp\/v2\/media?parent=225355"}],"wp:term":[{"taxonomy":"category","embeddable":true,"href":"https:\/\/www.nationalturk.com\/tr\/wp-json\/wp\/v2\/categories?post=225355"},{"taxonomy":"post_tag","embeddable":true,"href":"https:\/\/www.nationalturk.com\/tr\/wp-json\/wp\/v2\/tags?post=225355"}],"curies":[{"name":"wp","href":"https:\/\/api.w.org\/{rel}","templated":true}]}}