{"id":225504,"date":"2016-02-05T12:00:55","date_gmt":"2016-02-05T10:00:55","guid":{"rendered":"http:\/\/www.nationalturk.com\/?p=225504"},"modified":"2023-08-11T12:51:29","modified_gmt":"2023-08-11T09:51:29","slug":"gaziantepte-cinayetler-devam-ediyor-9-olu-225504","status":"publish","type":"post","link":"https:\/\/www.nationalturk.com\/tr\/gaziantepte-cinayetler-devam-ediyor-9-olu-225504\/","title":{"rendered":"Gaziantep&#8217;te cinayetler devam ediyor! 9 \u00f6l\u00fc"},"content":{"rendered":"<p><img loading=\"lazy\" decoding=\"async\" class=\"alignnone size-large wp-image-225505\" src=\"http:\/\/www.nationalturk.com\/tr\/wp-content\/uploads\/2016\/02\/gaziantep_cinayetler-610x254.jpg\" alt=\"\" width=\"610\" height=\"254\" title=\"\" srcset=\"https:\/\/www.nationalturk.com\/tr\/wp-content\/uploads\/2016\/02\/gaziantep_cinayetler-610x254.jpg 610w, https:\/\/www.nationalturk.com\/tr\/wp-content\/uploads\/2016\/02\/gaziantep_cinayetler-280x117.jpg 280w, https:\/\/www.nationalturk.com\/tr\/wp-content\/uploads\/2016\/02\/gaziantep_cinayetler.jpg 620w\" sizes=\"auto, (max-width: 610px) 100vw, 610px\" \/><\/p>\n<h1>Gaziantep&#8217;te ayn\u0131 aileden 5 ki\u015fi, evlerinde silahla vurularak \u00f6ld\u00fcr\u00fclm\u00fc\u015f halde bulundu. Cinayetlerin, D\u00fcztepe&#8217;de 4 ki\u015finin \u00f6ld\u00fcr\u00fclmesiyle ba\u011flant\u0131l\u0131 olabilece\u011fi \u00f6\u011frenildi.<\/h1>\n<p>Al\u0131nan bilgiye g\u00f6re, merkez \u015eahinbey il\u00e7esine ba\u011fl\u0131 Sam Mahallesi&#8217;nde ya\u015fayan amcas\u0131 Mustafa Ta\u015f&#8217;a ula\u015famayan ye\u011feni, sabah akrabalar\u0131n\u0131n evine gitti.<\/p>\n<p>Kap\u0131y\u0131 a\u00e7an olmay\u0131nca durumun bildirilmesi \u00fczerine \u00e7ilingir yard\u0131m\u0131yla eve giren jandarma ekipleri, Mustafa ve e\u015fi G\u00fclay ile \u00e7ocuklar\u0131 T\u00fcrkan, Furkan ve G\u00fcl Ta\u015f&#8217;\u0131 silahla vurularak \u00f6ld\u00fcr\u00fclm\u00fc\u015f halde buldu.<\/p>\n<p>Evdeki incelemenin ard\u0131ndan anne, baba ve \u00e7ocuklar\u0131n\u0131n cenazeleri, otopsi i\u00e7in Gaziantep Adli T\u0131p Kurumuna kald\u0131r\u0131ld\u0131.<\/p>\n<p>&#8211; Olay\u0131n D\u00fcztepe Mahallesi&#8217;ndeki cinayetle ba\u011flant\u0131l\u0131 olup olmad\u0131\u011f\u0131 ara\u015ft\u0131r\u0131l\u0131yor<\/p>\n<p>Asayi\u015f \u015eube M\u00fcd\u00fcrl\u00fc\u011f\u00fc Cinayet B\u00fcro Amirli\u011fi ekipleri, olay\u0131n, gece D\u00fcztepe Mahallesi&#8217;ndeki evde 4 ki\u015finin \u00f6ld\u00fcr\u00fclmesi ve 2 ki\u015finin yaralanmas\u0131yla ba\u011flant\u0131l\u0131 olabilece\u011fi ihtimali \u00fczerinde duruyor.<\/p>\n<p>D\u00fcztepe Mahallesi&#8217;ndeki cinayetin faili olarak aranan Y.T&#8217;nin, Sam Mahallesi&#8217;ndeki evinde e\u015fi ve \u00e7ocuklar\u0131yla \u00f6ld\u00fcr\u00fclm\u00fc\u015f halde bulunan Mustafa Ta\u015f&#8217;\u0131n ye\u011feni oldu\u011fu \u00f6\u011frenildi.<\/p>\n<p>Bir s\u00fcredir ayr\u0131 ya\u015fad\u0131\u011f\u0131 e\u015fi Tuba T&#8217;nin bulundu\u011fu D\u00fcztepe Mahallesi&#8217;ndeki eve gelen Y.T, i\u00e7eridekilere silahla ate\u015f a\u00e7m\u0131\u015f, Tuba T, Turan T. ile \u015eenel ve Ahmet \u00c7akmak, olay yerinde hayat\u0131n\u0131 kaybetmi\u015f, 2 ki\u015fi yaralanm\u0131\u015ft\u0131. Olay yerinden ka\u00e7an Y.T&#8217;nin yakalanmas\u0131 i\u00e7in \u00e7al\u0131\u015fma ba\u015flat\u0131lm\u0131\u015ft\u0131.<\/p>\n<!-- Error, Advert is not available at this time due to schedule\/geolocation restrictions! -->\n","protected":false},"excerpt":{"rendered":"<p>Gaziantep&#8217;te ayn\u0131 aileden 5 ki\u015fi, evlerinde silahla vurularak \u00f6ld\u00fcr\u00fclm\u00fc\u015f halde bulundu. Cinayetlerin, D\u00fcztepe&#8217;de 4 ki\u015finin \u00f6ld\u00fcr\u00fclmesiyle ba\u011flant\u0131l\u0131 olabilece\u011fi \u00f6\u011frenildi.<\/p>\n","protected":false},"author":4,"featured_media":225507,"comment_status":"open","ping_status":"open","sticky":false,"template":"","format":"standard","meta":{"_acf_changed":false,"footnotes":""},"categories":[6155,5005,349,6805],"tags":[7390,221292,807,19494,69105],"class_list":["post-225504","post","type-post","status-publish","format-standard","has-post-thumbnail","hentry","category-gundem","category-manset","category-son-dakika","category-turkiye","tag-cinayet","tag-cinayet-haberleri","tag-gaziantep","tag-gaziantep-cinayet","tag-gaziantep-cinayeti"],"acf":[],"_links":{"self":[{"href":"https:\/\/www.nationalturk.com\/tr\/wp-json\/wp\/v2\/posts\/225504","targetHints":{"allow":["GET"]}}],"collection":[{"href":"https:\/\/www.nationalturk.com\/tr\/wp-json\/wp\/v2\/posts"}],"about":[{"href":"https:\/\/www.nationalturk.com\/tr\/wp-json\/wp\/v2\/types\/post"}],"author":[{"embeddable":true,"href":"https:\/\/www.nationalturk.com\/tr\/wp-json\/wp\/v2\/users\/4"}],"replies":[{"embeddable":true,"href":"https:\/\/www.nationalturk.com\/tr\/wp-json\/wp\/v2\/comments?post=225504"}],"version-history":[{"count":0,"href":"https:\/\/www.nationalturk.com\/tr\/wp-json\/wp\/v2\/posts\/225504\/revisions"}],"wp:featuredmedia":[{"embeddable":true,"href":"https:\/\/www.nationalturk.com\/tr\/wp-json\/wp\/v2\/media\/225507"}],"wp:attachment":[{"href":"https:\/\/www.nationalturk.com\/tr\/wp-json\/wp\/v2\/media?parent=225504"}],"wp:term":[{"taxonomy":"category","embeddable":true,"href":"https:\/\/www.nationalturk.com\/tr\/wp-json\/wp\/v2\/categories?post=225504"},{"taxonomy":"post_tag","embeddable":true,"href":"https:\/\/www.nationalturk.com\/tr\/wp-json\/wp\/v2\/tags?post=225504"}],"curies":[{"name":"wp","href":"https:\/\/api.w.org\/{rel}","templated":true}]}}