{"id":225768,"date":"2016-02-11T09:56:02","date_gmt":"2016-02-11T07:56:02","guid":{"rendered":"http:\/\/www.nationalturk.com\/?p=225768"},"modified":"2016-02-11T09:56:02","modified_gmt":"2016-02-11T07:56:02","slug":"baskentteki-gorusmelerin-perde-arkasi-225768","status":"publish","type":"post","link":"https:\/\/www.nationalturk.com\/tr\/baskentteki-gorusmelerin-perde-arkasi-225768\/","title":{"rendered":"Ba\u015fkentteki g\u00f6r\u00fc\u015fmelerin perde arkas\u0131"},"content":{"rendered":"<p><img loading=\"lazy\" decoding=\"async\" class=\"alignnone size-large wp-image-225769\" src=\"http:\/\/www.nationalturk.com\/tr\/wp-content\/uploads\/2016\/02\/gul_arinc-610x344.jpg\" alt=\"G\u00fcl Ar\u0131n\u00e7\" width=\"610\" height=\"344\" title=\"\" srcset=\"https:\/\/www.nationalturk.com\/tr\/wp-content\/uploads\/2016\/02\/gul_arinc-610x344.jpg 610w, https:\/\/www.nationalturk.com\/tr\/wp-content\/uploads\/2016\/02\/gul_arinc-280x158.jpg 280w, https:\/\/www.nationalturk.com\/tr\/wp-content\/uploads\/2016\/02\/gul_arinc.jpg 620w\" sizes=\"auto, (max-width: 610px) 100vw, 610px\" \/><\/p>\n<h1>11\u2019inci Cumhurba\u015fkan\u0131 Abdullah G\u00fcl\u2019\u00fcn, Cumhurba\u015fkan\u0131 Recep Tayyip Erdo\u011fan ile yapt\u0131\u011f\u0131 g\u00f6r\u00fc\u015fmenin ard\u0131ndan d\u00fcn de Ar\u0131n\u00e7, \u00c7elik, Ergin ve Erg\u00fcn ile bir araya gelmesi siyaset kulislerini hareketlendirdi.<\/h1>\n<p>CNN T\u00fcrk\u2019\u00fcn G\u00fcl\u2019e yak\u0131n kaynaklardan edindi\u011fi bilgiye g\u00f6re, Erdo\u011fan ve G\u00fcl \u00f6nce \u0130stanbul&#8217;da bir davette, ard\u0131ndan d\u00fc\u011f\u00fcnde bir araya geldiler. Sonras\u0131nda iki telefon g\u00f6r\u00fc\u015fmesi yapt\u0131lar ve y\u00fcz y\u00fcze g\u00f6r\u00fc\u015fme karar\u0131 verdiler. Erdo\u011fan, Ankara&#8217;da tedavi g\u00f6rmekte olan anne-babas\u0131n\u0131 ziyaret i\u00e7in ba\u015fkentte bulunan G\u00fcl&#8217;\u00fc resmi konutuna davet etti. \u0130kili 9 \u015eubat\u2019ta Be\u015ftepe Devlet Konukevi\u2019nde ak\u015fam yeme\u011finde bir araya geldi ve bulu\u015fma yakla\u015f\u0131k 3 saat s\u00fcrd\u00fc.<\/p>\n<p>Yak\u0131n \u00e7evresi son tart\u0131\u015fmalardan \u00e7ok rahats\u0131z oldu\u011funu belirttikleri G\u00fcl&#8217;\u00fcn, &#8220;Hepimiz ayn\u0131 gemideyiz. Ayn\u0131 davan\u0131n insanlar\u0131y\u0131z&#8221; g\u00f6r\u00fc\u015f\u00fcn\u00fc bu yemekte payla\u015ft\u0131\u011f\u0131n\u0131 ifade etti; g\u00f6r\u00fc\u015fmenin \u00e7ok olumlu bir havada ge\u00e7ti\u011fini belirttiler.<\/p>\n<p>Edinilen bilgilere g\u00f6re, 1 Mart tezkeresi konusu ise Erdo\u011fan-G\u00fcl g\u00f6r\u00fc\u015fmesinde g\u00fcndeme gelmedi.<br \/>\nBu yemekten bir g\u00fcn sonra G\u00fcl bu kez Ar\u0131n\u00e7&#8217;\u0131n evinde Sadullah Ergin, Nihat Erg\u00fcn, H\u00fcseyin \u00c7elik ve Suat K\u0131l\u0131\u00e7 ile bir araya geldi. G\u00fcl&#8217;e yak\u0131n kaynaklar, &#8220;Abdullah Bey d\u00fcn ne konu\u015ftuysa bug\u00fcn de ayn\u0131s\u0131n\u0131 konu\u015ftu. Sadece sayg\u0131 duyulan bir insan s\u0131fat\u0131yla&#8221; vurgusunu yapt\u0131lar. Buna g\u00f6re, G\u00fcl d\u00fcnk\u00fc yemekte, &#8220;Biz hepimiz ayn\u0131 gemideyiz, bu gemi su al\u0131rsa hepimiz zarar g\u00f6r\u00fcr\u00fcz. Ter\u00f6r ve d\u0131\u015f politikadaki konular ciddi sorunlar ve geli\u015fmeler varken, enerjimizi ba\u015fka \u015feylere harcamak yanl\u0131\u015f olur. Partide d\u00fcn g\u00f6rev yapanlar\u0131n da bug\u00fcn g\u00f6rev yapanlar\u0131n da itibar ve \u015ferefi \u00f6nemlidir. Trollerin yapt\u0131klar\u0131 ne kadar yanl\u0131\u015fsa bas\u0131n \u00fczerinden konu\u015fmak da o kadar yanl\u0131\u015ft\u0131r&#8221; g\u00f6r\u00fc\u015flerini payla\u015ft\u0131.<\/p>\n<p>Di\u011fer yandan CNN T\u00dcRK&#8217;e konu\u015fan B\u00fclent Ar\u0131n\u00e7 da, &#8220;Dostane bir ziyaretti. Ben kendim davet ettim. \u00dclkenin t\u00fcm meselelerini konu\u015ftuk. Biz hep beraber AK Partiliyiz&#8221; dedi.<\/p>\n<p>Ayr\u0131ca CNN T\u00dcRK&#8217;\u00fcn ula\u015ft\u0131\u011f\u0131 kaynaklar, Ar\u0131n\u00e7&#8217;\u0131n a\u00e7\u0131klamalar\u0131yla ba\u015flayan tart\u0131\u015fmadan sonra, &#8220;Yeni bir siyaset hareketi g\u00fcndeme gelebilir&#8221; iddialar\u0131n\u0131 kesin bir dille reddetti. Parti i\u00e7i muhalefet olgusunun da AK parti gelene\u011finde bulunmad\u0131\u011f\u0131na dikkat \u00e7ektiler.<\/p>\n<p>Ar\u0131n\u00e7, Habert\u00fcrk\u2019e de toplant\u0131yla ilgili \u015fu a\u00e7\u0131klamay\u0131 yapt\u0131:<\/p>\n<p>&#8220;Farkl\u0131 anlamlar y\u00fcklememek laz\u0131m. D\u00fcn Say\u0131n Cumhurba\u015fkan\u0131 ile g\u00f6r\u00fc\u015ft\u00fcler, g\u00fcnd\u00fcz de Ankara&#8217;dayd\u0131lar, ak\u015fam da ben davet ettim. Mesle bundan ibaret, dostane bir ziyaret. Bir araya geldik. Biz bu partinin kurucular\u0131y\u0131z, iyi bir AK Partiliyiz, trollerin, troli\u00e7elerin ne dedi\u011finin \u00f6nemi yok.&#8221;<\/p>\n<p>Habert\u00fcrk\u2019\u00fcn &#8220;Erdo\u011fan&#8217;a k\u0131rg\u0131n m\u0131s\u0131n\u0131z? Bu konu g\u00fcndeme geldi mi?&#8221; sorusuna ise Ar\u0131n\u00e7, &#8220;Hissi konulara girmemek laz\u0131m. Ben cevap verdim, edepli terbiyeli cevaplard\u0131r bunlar. Umar\u0131m herkes bu a\u00e7\u0131klamalardan bir ders \u00e7\u0131karm\u0131\u015ft\u0131r. H\u00fck\u00fcmetimizi ve \u00fclke meselelerini g\u00f6r\u00fc\u015ft\u00fck, faydal\u0131 oldu&#8221; yan\u0131t\u0131n\u0131 verdi.<\/p>\n<!-- Error, Advert is not available at this time due to schedule\/geolocation restrictions! -->\n","protected":false},"excerpt":{"rendered":"<p>11\u2019inci Cumhurba\u015fkan\u0131 Abdullah G\u00fcl\u2019\u00fcn, Cumhurba\u015fkan\u0131 Recep Tayyip Erdo\u011fan ile yapt\u0131\u011f\u0131 g\u00f6r\u00fc\u015fmenin ard\u0131ndan d\u00fcn de Ar\u0131n\u00e7, \u00c7elik, Ergin ve Erg\u00fcn ile bir araya gelmesi siyaset kulislerini hareketlendirdi.<\/p>\n","protected":false},"author":4,"featured_media":225770,"comment_status":"open","ping_status":"open","sticky":false,"template":"","format":"standard","meta":{"_acf_changed":false,"footnotes":""},"categories":[6155,5005,6202,349,6805],"tags":[4343,130044,201876,201877,787,10400],"class_list":["post-225768","post","type-post","status-publish","format-standard","has-post-thumbnail","hentry","category-gundem","category-manset","category-politika","category-son-dakika","category-turkiye","tag-abdullah-gul","tag-bestepe","tag-gul-arinc","tag-gul-arinc-ziirvesi","tag-recep-tayyip-erdogan","tag-sadullah-ergin"],"acf":[],"_links":{"self":[{"href":"https:\/\/www.nationalturk.com\/tr\/wp-json\/wp\/v2\/posts\/225768","targetHints":{"allow":["GET"]}}],"collection":[{"href":"https:\/\/www.nationalturk.com\/tr\/wp-json\/wp\/v2\/posts"}],"about":[{"href":"https:\/\/www.nationalturk.com\/tr\/wp-json\/wp\/v2\/types\/post"}],"author":[{"embeddable":true,"href":"https:\/\/www.nationalturk.com\/tr\/wp-json\/wp\/v2\/users\/4"}],"replies":[{"embeddable":true,"href":"https:\/\/www.nationalturk.com\/tr\/wp-json\/wp\/v2\/comments?post=225768"}],"version-history":[{"count":0,"href":"https:\/\/www.nationalturk.com\/tr\/wp-json\/wp\/v2\/posts\/225768\/revisions"}],"wp:featuredmedia":[{"embeddable":true,"href":"https:\/\/www.nationalturk.com\/tr\/wp-json\/wp\/v2\/media\/225770"}],"wp:attachment":[{"href":"https:\/\/www.nationalturk.com\/tr\/wp-json\/wp\/v2\/media?parent=225768"}],"wp:term":[{"taxonomy":"category","embeddable":true,"href":"https:\/\/www.nationalturk.com\/tr\/wp-json\/wp\/v2\/categories?post=225768"},{"taxonomy":"post_tag","embeddable":true,"href":"https:\/\/www.nationalturk.com\/tr\/wp-json\/wp\/v2\/tags?post=225768"}],"curies":[{"name":"wp","href":"https:\/\/api.w.org\/{rel}","templated":true}]}}