{"id":226203,"date":"2016-02-18T17:00:58","date_gmt":"2016-02-18T15:00:58","guid":{"rendered":"http:\/\/www.nationalturk.com\/?p=226203"},"modified":"2016-02-18T17:00:58","modified_gmt":"2016-02-18T15:00:58","slug":"bu-ne-husrandir-bu-ne-serefsizliktir-226203","status":"publish","type":"post","link":"https:\/\/www.nationalturk.com\/tr\/bu-ne-husrandir-bu-ne-serefsizliktir-226203\/","title":{"rendered":"&#8220;Bu ne h\u00fcsrand\u0131r? Bu ne \u015ferefsizliktir?&#8221;"},"content":{"rendered":"<p><img loading=\"lazy\" decoding=\"async\" class=\"alignnone size-large wp-image-226204\" src=\"http:\/\/www.nationalturk.com\/tr\/wp-content\/uploads\/2016\/02\/devlet_bahceli_grup_3298472222-540x360.jpg\" alt=\"Devlet Bah\u00e7eli\" width=\"610\" height=\"380\" title=\"\"><\/p>\n<h1>MHP Genel Ba\u015fkan\u0131 Devlet Bah\u00e7eli, Ankara&#8217;daki sald\u0131r\u0131yla ilgili Twitter \u00fczerinden a\u00e7\u0131klama yay\u0131nlad\u0131.<\/h1>\n<p>Devlet Bah\u00e7eli&#8217;nin a\u00e7\u0131klamalar\u0131 \u015f\u00f6yle;<\/p>\n<p>&#8220;Hay\u0131rl\u0131 g\u00fcnler.<br \/>\nMalum zorunlu hal ve sebeplerden dolay\u0131 Twitter\u2019den epeydir uzak kald\u0131m. Yine de takip\u00e7ilerimle gecikmeli de olsa bulu\u015fmaktan memnunum.Kara g\u00fcnler ya\u015f\u0131yoruz! Sanki \u00f6l\u00fcm uykusunday\u0131z. Ekin gibi bi\u00e7iliyor, h\u0131zarda do\u011fran\u0131yoruz. \u00d6l\u00fcyoruz arkada\u015flar, hem de hi\u00e7 huzur g\u00f6rmeden.<br \/>\nT\u00fcrk vatan\u0131 bir avu\u00e7 soysuzun \u015fiddet kazan\u0131na d\u00fc\u015ft\u00fc. T\u00fcrk milleti her g\u00fcn sald\u0131r\u0131ya u\u011fruyor. Sur, Cizre derken bombalar Ankara\u2019da patl\u0131yor.Masumlar katlediliyor. Millet her defas\u0131nda canevinden vuruluyor. Devlet \u015fa\u015fk\u0131n, h\u00fck\u00fcmet \u015faibeli, gelecek ise olduk\u00e7a sislidir.Kan ak\u0131yor umutlardan, korku sa\u00e7\u0131l\u0131yor bak\u0131\u015flardan; ve ter\u00f6r her seferinde ac\u0131m\u0131za ac\u0131 ekliyor, kay\u0131plar\u0131m\u0131za yenilerini ilave ediyor.<br \/>\nD\u00fcn Ankara\u2019n\u0131n g\u00f6be\u011finde, \u0130n\u00f6n\u00fc Bulvar\u0131 \u00fczerindeki trafik \u0131\u015f\u0131klar\u0131nda, TSK personelini ta\u015f\u0131yan servis ara\u00e7lar\u0131na bombayla sald\u0131rd\u0131lar.Bu elim ve kanl\u0131 olayda 28 karde\u015fimiz hayat\u0131n\u0131 kaybederken, 61\u2019i de yaraland\u0131. Bu vah\u015fetin tan\u0131m\u0131 yok! Bu katliam\u0131n tarifi de yok! Ard\u0131ndan \u015fiddet durmad\u0131, silah ve bombalar susmad\u0131. Bu sabah Diyarbak\u0131r-Lice karayolunda hainler bir kez daha sahneye \u00e7\u0131kt\u0131.<br \/>\nBir askeri konvoyun ge\u00e7i\u015fi s\u0131ras\u0131nda patlat\u0131lan el yap\u0131m\u0131 bomba sonucunda 6 kahraman Mehmedimiz \u015fehit, birisi de a\u011f\u0131r yaraland\u0131.<\/p>\n<p>Bitmedi, \u015e\u0131rnak\u2019\u0131n \u0130dil il\u00e7esinde bir polis, bir asker \u015fehit d\u00fc\u015ft\u00fc. Ey diye seslenenlere ben de s\u00f6yleyin art\u0131k ne s\u00f6yleyecekseniz diyorum&#8230;\u015eehitlerimize Allah\u2019tan rahmet diliyorum. Yaral\u0131lara tez elden \u015fifalar temenni ediyorum. Milletimizin, TSK\u2019n\u0131n ve hepimizin ba\u015f\u0131sa\u011folsun.<br \/>\nD\u00fcnden bug\u00fcne 36 evlad\u0131m\u0131z\u0131 kaybettik. Bu ne h\u00fcsrand\u0131r? Bu ne \u015ferefsizliktir? Bu nas\u0131l bir kan tutkusu, \u00f6ld\u00fcrme arzusudur?Ankara\u2019n\u0131n ba\u011fr\u0131nda, devletin ana karargah\u0131nda bomba patlarken, istihbarat ve g\u00fcvenlik birimleri nerededir? Ne yapmaktad\u0131r?<\/p>\n<p>YPG\u2019li bir cani Ankara\u2019ya kadar bomba dolu ara\u00e7la gelirken hi\u00e7 mi yolu kesilmedi? Hi\u00e7 mi g\u00f6ren olmad\u0131? Hi\u00e7 mi yol kontrol\u00fcne u\u011framad\u0131?PYD\/YPG\u2019yi silahland\u0131r\u0131p tetik \u00e7ektiren ABD\u2019nin akan kanda, al\u0131nan canlarda hi\u00e7 mi pay\u0131 yoktur? Bize taziye, onlar\u0131 tahrik; ne g\u00fczel d\u00fcnya!<br \/>\nTer\u00f6r kanla ya\u015far, \u015fiddetle soluk al\u0131r. Hainler tavizle beslenir, pazarl\u0131klarla g\u00fc\u00e7lenir. Nitekim olan da budur.<\/p>\n<p>Her \u015feye ra\u011fmen T\u00fcrk milleti a\u011f\u0131r ter\u00f6r sald\u0131r\u0131s\u0131 kar\u015f\u0131s\u0131nda kenetlenmi\u015ftir. Birlik ve karde\u015fli\u011fimizin hisarlar\u0131nda gedik a\u00e7\u0131lmayacakt\u0131r.<br \/>\nMillet 78 milyondur;ama irade ve imanlar\u0131 birdir. Bedenleri ayr\u0131 ayr\u0131,fakat ruhlar\u0131 ayn\u0131d\u0131r. B\u00f6l\u00fcnmeyece\u011fiz, da\u011f\u0131lmayaca\u011f\u0131z, y\u0131k\u0131lmayaca\u011f\u0131z.T\u00fcrk milleti bu zulmeti p\u00fcsk\u00fcrtecektir. T\u00fcrkiye s\u0131k\u0131\u015ft\u0131\u011f\u0131 cendereden kurtulacakt\u0131r. Sabredece\u011fiz, fakat sonunda mutlaka kazanaca\u011f\u0131z.&#8221;<\/p>\n<!-- Error, Advert is not available at this time due to schedule\/geolocation restrictions! -->\n","protected":false},"excerpt":{"rendered":"<p>MHP Genel Ba\u015fkan\u0131 Devlet Bah\u00e7eli, Ankara&#8217;daki sald\u0131r\u0131yla ilgili Twitter \u00fczerinden a\u00e7\u0131klama yay\u0131nlad\u0131.<\/p>\n","protected":false},"author":4,"featured_media":226205,"comment_status":"open","ping_status":"open","sticky":false,"template":"","format":"standard","meta":{"_acf_changed":false,"footnotes":""},"categories":[6155,5005,6202,349,6805],"tags":[1688,10655,37484,8469,34753,202176],"class_list":["post-226203","post","type-post","status-publish","format-standard","has-post-thumbnail","hentry","category-gundem","category-manset","category-politika","category-son-dakika","category-turkiye","tag-ankara","tag-ankara-patlama","tag-bahceli","tag-devlet-bahceli","tag-devlet-bahceli-aciklama","tag-devlet-bahceli-ankara"],"acf":[],"_links":{"self":[{"href":"https:\/\/www.nationalturk.com\/tr\/wp-json\/wp\/v2\/posts\/226203","targetHints":{"allow":["GET"]}}],"collection":[{"href":"https:\/\/www.nationalturk.com\/tr\/wp-json\/wp\/v2\/posts"}],"about":[{"href":"https:\/\/www.nationalturk.com\/tr\/wp-json\/wp\/v2\/types\/post"}],"author":[{"embeddable":true,"href":"https:\/\/www.nationalturk.com\/tr\/wp-json\/wp\/v2\/users\/4"}],"replies":[{"embeddable":true,"href":"https:\/\/www.nationalturk.com\/tr\/wp-json\/wp\/v2\/comments?post=226203"}],"version-history":[{"count":0,"href":"https:\/\/www.nationalturk.com\/tr\/wp-json\/wp\/v2\/posts\/226203\/revisions"}],"wp:featuredmedia":[{"embeddable":true,"href":"https:\/\/www.nationalturk.com\/tr\/wp-json\/wp\/v2\/media\/226205"}],"wp:attachment":[{"href":"https:\/\/www.nationalturk.com\/tr\/wp-json\/wp\/v2\/media?parent=226203"}],"wp:term":[{"taxonomy":"category","embeddable":true,"href":"https:\/\/www.nationalturk.com\/tr\/wp-json\/wp\/v2\/categories?post=226203"},{"taxonomy":"post_tag","embeddable":true,"href":"https:\/\/www.nationalturk.com\/tr\/wp-json\/wp\/v2\/tags?post=226203"}],"curies":[{"name":"wp","href":"https:\/\/api.w.org\/{rel}","templated":true}]}}