{"id":22626,"date":"2010-05-10T11:17:48","date_gmt":"2010-05-10T09:17:48","guid":{"rendered":"http:\/\/www.nationalturk.com\/?p=22626"},"modified":"2010-05-14T17:54:01","modified_gmt":"2010-05-14T15:54:01","slug":"deniz-baykal-10mayis-basin-toplantisi-istifa-canli-video-2395541","status":"publish","type":"post","link":"https:\/\/www.nationalturk.com\/tr\/deniz-baykal-10mayis-basin-toplantisi-istifa-canli-video-2395541\/","title":{"rendered":"Deniz Baykal istifa etti"},"content":{"rendered":"<p><strong><img loading=\"lazy\" decoding=\"async\" class=\"alignleft size-medium wp-image-22627\" title=\"Deniz Baykal\" src=\"http:\/\/www.nationalturk.com\/tr\/wp-content\/uploads\/2010\/05\/denizbaykal-e1273482920658-243x220.jpg\" alt=\"\" width=\"170\" height=\"154\" srcset=\"https:\/\/www.nationalturk.com\/tr\/wp-content\/uploads\/2010\/05\/denizbaykal-e1273482920658-243x220.jpg 243w, https:\/\/www.nationalturk.com\/tr\/wp-content\/uploads\/2010\/05\/denizbaykal-e1273482920658.jpg 249w\" sizes=\"auto, (max-width: 170px) 100vw, 170px\" \/>Cumhuriyet Halk Partisi (CHP) Genel Ba\u015fkan\u0131 Deniz Baykal d\u00fczenledi\u011fi bas\u0131n toplant\u0131s\u0131yla istifa etti\u011fini a\u00e7\u0131klad\u0131.<\/strong><\/p>\n<p>\u0130\u015fte Baykal&#8217;\u0131n a\u00e7\u0131klamalar\u0131;<\/p>\n<p><a href=\"http:\/\/www.nationalturk.com\/deniz-baykal-istifa-etti-10mayis-video-2347923\" target=\"_blank\">V\u0130DEO \u0130\u00c7\u0130N TIKLAYIN<\/a><\/p>\n<p>&#8220;Bu bir kaset olay\u0131 de\u011fildir. Bir komplodur. Yani ahlak d\u0131\u015f\u0131 bir tertip demektir. Gizli \u00e7ekimlerle insanlar\u0131n en mahrem g\u00f6r\u00fcnt\u00fclerini \u00e7arp\u0131t\u0131rs\u0131n\u0131z. B\u00f6yle yaparken de d\u00fcnyan\u0131n her yerinde b\u00fct\u00fcn dinlerin, ahlak anlay\u0131\u015flar\u0131n\u0131n g\u00fcvencesinde olan insan hayat\u0131n\u0131n mahremiyetine tecav\u00fcz edersiniz. Ar, haya, utan\u00e7 bunlar\u0131 yapanlar i\u00e7in \u00f6nemli de\u011fildir. Komployu ger\u00e7ekle\u015ftirenler bunu sap\u0131k olduklar\u0131 i\u00e7in de\u011fil siyaset i\u00e7in d\u00fczenlemi\u015flerdir. Ahlaklar\u0131na uygun bir siyaset. Bu komplo siyasi konjokt\u00fcr\u00fcn eseridir. Bir kaset ele ge\u00e7irilmi\u015f de\u011fildir. 2 haftal\u0131k bir komplo vard\u0131r. Bu komplo CHP&#8217;nin anayasa ve rejim kavgas\u0131 vermekte oldu\u011fu son 2 hafta i\u00e7inde d\u00fczenlenmi\u015f ve piyasaya s\u00fcr\u00fclm\u00fc\u015ft\u00fcr. Komplo tezgah\u0131 g\u00fcncel ve tazedir. Meskene tecav\u00fczle planlanan komplonun iktidar g\u00fcc\u00fc seferber edilmeden bu kadar f\u00fctursuzca icra edilmesi m\u00fcmk\u00fcn de\u011fildir. Bu kadar komplo bir tezgah\u0131n\u0131n iktidar zirvesinin bilgisi ve onay\u0131 olmadan piyasaya s\u00fcr\u00fclmesi s\u00f6z konusu olamaz. S\u00f6zde iyi niyetli, yapay tav\u0131rlar, perde arkas\u0131ndaki su\u00e7un \u00f6rtbas edilmesine yetmez. Bu kadar kaba kanunsuzluk, ahlaks\u0131zl\u0131k iktidar\u0131n onay\u0131 olmadan ger\u00e7ekle\u015ftirilemez, piyasaya s\u00fcr\u00fclemez. Komployu ay\u0131plar gibi yapanlar ay\u0131b\u0131 i\u015fleyenlerdir.<\/p>\n<p>Hukuksuz ve ahlaks\u0131z komplolar\u0131 temel alan, &#8220;\u00e7ok ay\u0131p ama&#8221; diye ba\u015flayan yorumlarla hesap sormaya \u00e7al\u0131\u015fanlara bir s\u00f6z\u00fcm var. Ahlaks\u0131z komplolara itibar ederek ahlak\u0131, hukuku, siyaseti savunamazs\u0131n\u0131z. Komploculu\u011fa hayat alan\u0131 a\u00e7anlar &#8220;\u00e7ok ay\u0131p ama&#8221; diyenlerdir. Bunlar\u0131 samimi bulmuyorum ama Amerika ve Pensilvania&#8217;dan gelen \u00fcz\u00fcnt\u00fcl\u00fc mesajlar\u0131 samimi buluyorum.<\/p>\n<p>Bunun nas\u0131l bir T\u00fcrkiye olu\u015fturmakta oldu\u011funu er ya da ge\u00e7 anlayaca\u011f\u0131z. Bu tablo kar\u015f\u0131s\u0131nda bana da bir g\u00f6rev d\u00fc\u015ft\u00fc\u011f\u00fcn\u00fcn fark\u0131nday\u0131m. Komploya teslim olmayaca\u011f\u0131m. Kimsenin beni sorgulamas\u0131na izin vermeyece\u011fim. Bunun bedeli varsa ve bu bedel Genel ba\u015fkanl\u0131\u011f\u0131ndan ayr\u0131lmamsa bu bedeli \u00f6deyece\u011fim. \u0130stifam meydan okumad\u0131r. Bu anlay\u0131\u015fla istifa ediyorum. \u00a0Bu komplonun hedefi sadece ben de\u011filim. Benim istifa karar\u0131m hem siyaseti hem de CHP&#8217;yi tasfiye etmeye \u00e7al\u0131\u015fanlara imkan verecektir. Yalans\u0131z, d\u00fcr\u00fcst bir duru\u015f sergilemek sadece benim i\u015fim olmamal\u0131d\u0131r. Deniz Baykal&#8217;\u0131n veCHP&#8217;nin \u00f6tesinde hepimiz hileye ve kalle\u015fli\u011fe dur demeliyiz. Benim istifam umuyorum ki yeni uyan\u0131\u015f\u0131n sebebi olur. Hile hurda yapanlar de\u011fil d\u00fcr\u00fcst ve namuslu olanlar kazan\u0131r. B\u00fct\u00fcn iyi k\u00f6t\u00fc g\u00fcnlerimde bana destek veren vatanda\u015flar\u0131ma, yi\u011fit CHP \u00f6rg\u00fct\u00fcne, \u00e7al\u0131\u015fma arkada\u015flar\u0131ma, \u00fczerimde eme\u011fi olan tan\u0131d\u0131\u011f\u0131m tan\u0131mad\u0131\u011f\u0131m b\u00fct\u00fcn insanlara, bizi k\u0131zan, oy veren vermeyen ,hakk\u0131 olan olmayan herkese, ya\u015fam\u0131m\u0131n her an\u0131n\u0131 anlaml\u0131 k\u0131ld\u0131klar\u0131 i\u00e7in te\u015fekk\u00fcr ediyorum. Ben hakk\u0131m\u0131 helal ediyorum. Siz de helal ediniz.&#8221;<\/p>\n<span style=\"font-weight: bold; color: #f00;\">Error, group does not exist! Check your syntax! (ID: 85)<\/span>\n<span style=\"font-weight: bold; color: #f00;\">Error, group does not exist! Check your syntax! (ID: 102)<\/span>\n","protected":false},"excerpt":{"rendered":"<p>Deniz Baykal istifa etti<\/p>\n","protected":false},"author":4,"featured_media":191900,"comment_status":"open","ping_status":"open","sticky":false,"template":"","format":"standard","meta":{"_acf_changed":false,"footnotes":""},"categories":[6155,5005,6202,349,6805],"tags":[8723,25302,5063,21445,24390,24116],"class_list":["post-22626","post","type-post","status-publish","format-standard","has-post-thumbnail","hentry","category-gundem","category-manset","category-politika","category-son-dakika","category-turkiye","tag-chp","tag-chp-video","tag-deniz-baykal","tag-deniz-baykal-basin-toplantisi","tag-deniz-baykal-canli-yayin","tag-deniz-baykal-video"],"acf":[],"_links":{"self":[{"href":"https:\/\/www.nationalturk.com\/tr\/wp-json\/wp\/v2\/posts\/22626","targetHints":{"allow":["GET"]}}],"collection":[{"href":"https:\/\/www.nationalturk.com\/tr\/wp-json\/wp\/v2\/posts"}],"about":[{"href":"https:\/\/www.nationalturk.com\/tr\/wp-json\/wp\/v2\/types\/post"}],"author":[{"embeddable":true,"href":"https:\/\/www.nationalturk.com\/tr\/wp-json\/wp\/v2\/users\/4"}],"replies":[{"embeddable":true,"href":"https:\/\/www.nationalturk.com\/tr\/wp-json\/wp\/v2\/comments?post=22626"}],"version-history":[{"count":0,"href":"https:\/\/www.nationalturk.com\/tr\/wp-json\/wp\/v2\/posts\/22626\/revisions"}],"wp:featuredmedia":[{"embeddable":true,"href":"https:\/\/www.nationalturk.com\/tr\/wp-json\/wp\/v2\/media\/191900"}],"wp:attachment":[{"href":"https:\/\/www.nationalturk.com\/tr\/wp-json\/wp\/v2\/media?parent=22626"}],"wp:term":[{"taxonomy":"category","embeddable":true,"href":"https:\/\/www.nationalturk.com\/tr\/wp-json\/wp\/v2\/categories?post=22626"},{"taxonomy":"post_tag","embeddable":true,"href":"https:\/\/www.nationalturk.com\/tr\/wp-json\/wp\/v2\/tags?post=22626"}],"curies":[{"name":"wp","href":"https:\/\/api.w.org\/{rel}","templated":true}]}}