{"id":226817,"date":"2016-03-01T17:00:05","date_gmt":"2016-03-01T15:00:05","guid":{"rendered":"http:\/\/www.nationalturk.com\/?p=226817"},"modified":"2016-03-01T17:00:05","modified_gmt":"2016-03-01T15:00:05","slug":"chpli-milletvekiline-tbmmden-cikarma-cezasi-226817","status":"publish","type":"post","link":"https:\/\/www.nationalturk.com\/tr\/chpli-milletvekiline-tbmmden-cikarma-cezasi-226817\/","title":{"rendered":"CHP&#8217;li milletvekiline TBMM&#8217;den \u00e7\u0131karma cezas\u0131"},"content":{"rendered":"<p><img loading=\"lazy\" decoding=\"async\" class=\"alignnone size-full wp-image-226818\" src=\"http:\/\/www.nationalturk.com\/tr\/wp-content\/uploads\/2016\/03\/akif_ekici.jpg\" alt=\"Akif Ekici\" width=\"610\" height=\"392\" title=\"\"><\/p>\n<h1>CHP Gaziantep Milletvekili Akif Ekici&#8217;ye, Cumhurba\u015fkan\u0131 Recep Tayyip Erdo\u011fan&#8217;a y\u00f6nelik s\u00f6zleri nedeniyle Meclisten iki birle\u015fim \u00e7\u0131kar\u0131lma cezas\u0131 verildi.<\/h1>\n<p>Ekici, b\u00fct\u00e7e g\u00f6r\u00fc\u015fmelerinde yapt\u0131\u011f\u0131 ve Genel Kurulda tart\u0131\u015fmaya neden olan s\u00f6zleri nedeniyle ceza ald\u0131.<\/p>\n<p>TBMM Ba\u015fkanvekili Pervin Buldan, TBMM \u0130\u00e7t\u00fcz\u00fc\u011f\u00fc&#8217;n\u00fcn 163. maddesi gere\u011fince Ekici&#8217;ye, Meclisten ge\u00e7ici olarak iki birle\u015fim \u00e7\u0131karma cezas\u0131 verilmesini teklif etti.<\/p>\n<p>-&#8220;Savunma yapma gere\u011fi duymuyoruz&#8221;<\/p>\n<p>Buldan, Ekici&#8217;ye savunmas\u0131 i\u00e7in s\u00f6z verdi ancak Ekici&#8217;nin Genel Kurulda olmamas\u0131 \u00fczerine CHP Grup Ba\u015fkanvekili Engin Altay a\u00e7\u0131klama yapt\u0131.<\/p>\n<p>Ekici&#8217;nin savunma yapmayaca\u011f\u0131n\u0131 ifade eden Altay, &#8220;Ortada biraz dozaj\u0131 y\u00fcksek siyasi ele\u015ftiri vard\u0131r&#8221; dedi.<\/p>\n<p>AK Parti&#8217;li milletvekillerinin tepki g\u00f6stermesi \u00fczerine Altay, &#8220;Biz b\u00f6yle d\u00fc\u015f\u00fcn\u00fcyoruz, sizin gibi d\u00fc\u015f\u00fcnmek zorunda de\u011filiz. Savunma yapma gere\u011fi duymuyoruz&#8221; ifadesini kulland\u0131.<\/p>\n<p>Bunun \u00fczerine Buldan, \u00e7\u0131karma cezas\u0131n\u0131 Genel Kurulun onay\u0131na sundu. Muhalefet milletvekillerinin ret oylar\u0131na kar\u015f\u0131l\u0131k, AK Parti&#8217;li milletvekillerinin oyuyla CHP&#8217;li Ekici&#8217;ye Meclisten iki birle\u015fim ge\u00e7ici \u00e7\u0131kar\u0131lma cezas\u0131 verildi.<\/p>\n<!-- Error, Advert is not available at this time due to schedule\/geolocation restrictions! -->\n","protected":false},"excerpt":{"rendered":"<p>CHP Gaziantep Milletvekili Akif Ekici&#8217;ye, Cumhurba\u015fkan\u0131 Recep Tayyip Erdo\u011fan&#8217;a y\u00f6nelik s\u00f6zleri nedeniyle Meclisten iki birle\u015fim \u00e7\u0131kar\u0131lma cezas\u0131 verildi.<\/p>\n","protected":false},"author":4,"featured_media":226818,"comment_status":"open","ping_status":"open","sticky":false,"template":"","format":"standard","meta":{"_acf_changed":false,"footnotes":""},"categories":[6155,5005,6202,349,6805],"tags":[14549,6871],"class_list":["post-226817","post","type-post","status-publish","format-standard","has-post-thumbnail","hentry","category-gundem","category-manset","category-politika","category-son-dakika","category-turkiye","tag-pervin-buldan","tag-tbmm"],"acf":[],"_links":{"self":[{"href":"https:\/\/www.nationalturk.com\/tr\/wp-json\/wp\/v2\/posts\/226817","targetHints":{"allow":["GET"]}}],"collection":[{"href":"https:\/\/www.nationalturk.com\/tr\/wp-json\/wp\/v2\/posts"}],"about":[{"href":"https:\/\/www.nationalturk.com\/tr\/wp-json\/wp\/v2\/types\/post"}],"author":[{"embeddable":true,"href":"https:\/\/www.nationalturk.com\/tr\/wp-json\/wp\/v2\/users\/4"}],"replies":[{"embeddable":true,"href":"https:\/\/www.nationalturk.com\/tr\/wp-json\/wp\/v2\/comments?post=226817"}],"version-history":[{"count":0,"href":"https:\/\/www.nationalturk.com\/tr\/wp-json\/wp\/v2\/posts\/226817\/revisions"}],"wp:featuredmedia":[{"embeddable":true,"href":"https:\/\/www.nationalturk.com\/tr\/wp-json\/wp\/v2\/media\/226818"}],"wp:attachment":[{"href":"https:\/\/www.nationalturk.com\/tr\/wp-json\/wp\/v2\/media?parent=226817"}],"wp:term":[{"taxonomy":"category","embeddable":true,"href":"https:\/\/www.nationalturk.com\/tr\/wp-json\/wp\/v2\/categories?post=226817"},{"taxonomy":"post_tag","embeddable":true,"href":"https:\/\/www.nationalturk.com\/tr\/wp-json\/wp\/v2\/tags?post=226817"}],"curies":[{"name":"wp","href":"https:\/\/api.w.org\/{rel}","templated":true}]}}