{"id":226978,"date":"2016-03-03T17:52:43","date_gmt":"2016-03-03T15:52:43","guid":{"rendered":"http:\/\/www.nationalturk.com\/?p=226978"},"modified":"2016-03-03T17:52:43","modified_gmt":"2016-03-03T15:52:43","slug":"real-madrid-baskanindan-akil-almaz-kara-liste-226978","status":"publish","type":"post","link":"https:\/\/www.nationalturk.com\/tr\/real-madrid-baskanindan-akil-almaz-kara-liste-226978\/","title":{"rendered":"Real Madrid ba\u015fkan\u0131ndan ak\u0131l almaz kara liste!"},"content":{"rendered":"<p><img loading=\"lazy\" decoding=\"async\" class=\"alignnone size-large wp-image-226979\" src=\"http:\/\/www.nationalturk.com\/tr\/wp-content\/uploads\/2016\/03\/perez-610x343.jpg\" alt=\"Perez\" width=\"610\" height=\"343\" title=\"\" srcset=\"https:\/\/www.nationalturk.com\/tr\/wp-content\/uploads\/2016\/03\/perez-610x343.jpg 610w, https:\/\/www.nationalturk.com\/tr\/wp-content\/uploads\/2016\/03\/perez-280x157.jpg 280w, https:\/\/www.nationalturk.com\/tr\/wp-content\/uploads\/2016\/03\/perez-720x405.jpg 720w, https:\/\/www.nationalturk.com\/tr\/wp-content\/uploads\/2016\/03\/perez.jpg 738w\" sizes=\"auto, (max-width: 610px) 100vw, 610px\" \/><\/p>\n<h1>\u0130spanya La Liga&#8217;da k\u00f6t\u00fc g\u00fcnler ge\u00e7iren Real Madrid&#8217;e bir darbe de kendi ba\u015fkan\u0131ndan! Ba\u015fkan Florentino Perez&#8217;in sezon sonu aralar\u0131nda Ronaldo, Ramos, Rodriguez, Kroos gibi futbolcular\u0131n da yer ald\u0131\u011f\u0131 10 ismi g\u00f6nderece\u011fi iddia edildi.<\/h1>\n<p>\u0130spanyol bas\u0131n\u0131nda yer alan haberlere g\u00f6re Real Madrid Ba\u015fkan\u0131 Florentino Perez, teknik direkt\u00f6r Zinedine Zidane&#8217;\u0131 da ikna ederek 10 isimden olu\u015fan bir kara liste yapt\u0131! \u0130ddialara g\u00f6re sat\u0131\u015fa \u00e7\u0131kar\u0131lan futbolcular\u00a0Cristiano Ronaldo, Sergio Ramos, Pepe, Alvaro Arbeloa, Isco, James Rodriguez, Casemiro, Danilo, Jese ve\u00a0Toni Kroos&#8230;<\/p>\n<p>Tak\u0131m\u0131 yenileme amac\u0131yla olu\u015fturuldu\u011fu \u00f6ne s\u00fcr\u00fclen listeyi Zidane&#8217;\u0131n da kabul etti\u011fi ifade ediliyor. Zinedine Zidane&#8217;\u0131n Atletico Madrid ma\u011flubiyetinin ard\u0131ndan futbolcular\u0131 su\u00e7layan a\u00e7\u0131klamalar\u0131 da bu geli\u015fmenin bir kan\u0131t\u0131 olarak g\u00f6steriliyor.<\/p>\n<p>\u0130spanyol bas\u0131n\u0131, g\u00f6nderilecek futbolcular\u0131n yerine\u00a0en g\u00fc\u00e7l\u00fc adaylar\u0131n\u00a0Hazard, Pogba ve Lewandowski oldu\u011funu da yazd\u0131.<\/p>\n<!-- Error, Advert is not available at this time due to schedule\/geolocation restrictions! -->\n","protected":false},"excerpt":{"rendered":"<p>\u0130spanya La Liga&#8217;da k\u00f6t\u00fc g\u00fcnler ge\u00e7iren Real Madrid&#8217;e bir darbe de kendi ba\u015fkan\u0131ndan! Ba\u015fkan Florentino Perez&#8217;in sezon sonu aralar\u0131nda Ronaldo, Ramos, Rodriguez, Kroos gibi futbolcular\u0131n da yer ald\u0131\u011f\u0131 10 ismi g\u00f6nderece\u011fi iddia edildi.<\/p>\n","protected":false},"author":4,"featured_media":226979,"comment_status":"open","ping_status":"open","sticky":false,"template":"","format":"standard","meta":{"_acf_changed":false,"footnotes":""},"categories":[6774,5005,6194],"tags":[3401,2615,127855,184497],"class_list":["post-226978","post","type-post","status-publish","format-standard","has-post-thumbnail","hentry","category-futbol","category-manset","category-spor","tag-cristiano-ronaldo","tag-real-madrid","tag-real-madrid-ronaldo","tag-ronaldo-satiliyor"],"acf":[],"_links":{"self":[{"href":"https:\/\/www.nationalturk.com\/tr\/wp-json\/wp\/v2\/posts\/226978","targetHints":{"allow":["GET"]}}],"collection":[{"href":"https:\/\/www.nationalturk.com\/tr\/wp-json\/wp\/v2\/posts"}],"about":[{"href":"https:\/\/www.nationalturk.com\/tr\/wp-json\/wp\/v2\/types\/post"}],"author":[{"embeddable":true,"href":"https:\/\/www.nationalturk.com\/tr\/wp-json\/wp\/v2\/users\/4"}],"replies":[{"embeddable":true,"href":"https:\/\/www.nationalturk.com\/tr\/wp-json\/wp\/v2\/comments?post=226978"}],"version-history":[{"count":0,"href":"https:\/\/www.nationalturk.com\/tr\/wp-json\/wp\/v2\/posts\/226978\/revisions"}],"wp:featuredmedia":[{"embeddable":true,"href":"https:\/\/www.nationalturk.com\/tr\/wp-json\/wp\/v2\/media\/226979"}],"wp:attachment":[{"href":"https:\/\/www.nationalturk.com\/tr\/wp-json\/wp\/v2\/media?parent=226978"}],"wp:term":[{"taxonomy":"category","embeddable":true,"href":"https:\/\/www.nationalturk.com\/tr\/wp-json\/wp\/v2\/categories?post=226978"},{"taxonomy":"post_tag","embeddable":true,"href":"https:\/\/www.nationalturk.com\/tr\/wp-json\/wp\/v2\/tags?post=226978"}],"curies":[{"name":"wp","href":"https:\/\/api.w.org\/{rel}","templated":true}]}}