{"id":227006,"date":"2016-03-04T10:29:25","date_gmt":"2016-03-04T08:29:25","guid":{"rendered":"http:\/\/www.nationalturk.com\/?p=227006"},"modified":"2016-03-04T10:29:25","modified_gmt":"2016-03-04T08:29:25","slug":"boydak-holdingin-sahipleri-gozaltina-alindi-227006","status":"publish","type":"post","link":"https:\/\/www.nationalturk.com\/tr\/boydak-holdingin-sahipleri-gozaltina-alindi-227006\/","title":{"rendered":"Boydak Holding&#8217;in sahipleri g\u00f6zalt\u0131na al\u0131nd\u0131"},"content":{"rendered":"<p><img loading=\"lazy\" decoding=\"async\" class=\"alignnone size-large wp-image-227007\" src=\"http:\/\/www.nationalturk.com\/tr\/wp-content\/uploads\/2016\/03\/boydak-720x479.jpg\" alt=\"boydak\" width=\"610\" height=\"379\" title=\"\"><\/p>\n<h1>Kayseri&#8217;de Fetullah\u00e7\u0131 Ter\u00f6r \u00d6rg\u00fct\u00fc\/Paralel Devlet Yap\u0131lanmas\u0131 (FET\u00d6\/PDY) soru\u015fturmas\u0131 kapsam\u0131nda Boydak Holding&#8217;in 4 \u00fcst d\u00fczey y\u00f6neticisi g\u00f6zalt\u0131na al\u0131nd\u0131.<\/h1>\n<p>Al\u0131nan bilgiye g\u00f6re, Emniyet M\u00fcd\u00fcrl\u00fc\u011f\u00fc Ka\u00e7ak\u00e7\u0131l\u0131k ve Organize Su\u00e7larla M\u00fccadele \u015eube M\u00fcd\u00fcrl\u00fc\u011f\u00fc ekiplerince, FET\u00d6\/PDY&#8217;ye finans deste\u011fi sa\u011fland\u0131\u011f\u0131 iddialar\u0131 \u00fczerine Boydak Holding&#8217;in y\u00f6neticilerine y\u00f6nelik operasyon d\u00fczenlendi.<\/p>\n<p>Holdingin Y\u00f6netim Kurulu Ba\u015fkan\u0131 Hac\u0131 Boydak, holdingin y\u00f6neticilerinden Memduh Boydak, Murat Bozda\u011f, Erol Boydak evlerinde g\u00f6zalt\u0131na al\u0131nd\u0131.<\/p>\n<p>Zanl\u0131lar\u0131n evleri ile holding merkezinde arama ba\u015flat\u0131ld\u0131.<\/p>\n<!-- Error, Advert is not available at this time due to schedule\/geolocation restrictions! -->\n","protected":false},"excerpt":{"rendered":"<p>Kayseri&#8217;de Fetullah\u00e7\u0131 Ter\u00f6r \u00d6rg\u00fct\u00fc\/Paralel Devlet Yap\u0131lanmas\u0131 (FET\u00d6\/PDY) soru\u015fturmas\u0131 kapsam\u0131nda Boydak Holding&#8217;in 4 \u00fcst d\u00fczey y\u00f6neticisi g\u00f6zalt\u0131na al\u0131nd\u0131.<\/p>\n","protected":false},"author":4,"featured_media":227007,"comment_status":"open","ping_status":"open","sticky":false,"template":"","format":"standard","meta":{"_acf_changed":false,"footnotes":""},"categories":[6199,6155,6202,349,6805],"tags":[196157,196158,202740,202741,202745,202742,71087,202743,196159],"class_list":["post-227006","post","type-post","status-publish","format-standard","has-post-thumbnail","hentry","category-ekonomi","category-gundem","category-politika","category-son-dakika","category-turkiye","tag-boydak","tag-boydak-holding","tag-boydak-holding-operasyon","tag-boydak-holding-yoneticileri","tag-erol-boydak","tag-fetullah-gulen","tag-gulen-cemaati","tag-haci-boydak","tag-memduh-boydak"],"acf":[],"_links":{"self":[{"href":"https:\/\/www.nationalturk.com\/tr\/wp-json\/wp\/v2\/posts\/227006","targetHints":{"allow":["GET"]}}],"collection":[{"href":"https:\/\/www.nationalturk.com\/tr\/wp-json\/wp\/v2\/posts"}],"about":[{"href":"https:\/\/www.nationalturk.com\/tr\/wp-json\/wp\/v2\/types\/post"}],"author":[{"embeddable":true,"href":"https:\/\/www.nationalturk.com\/tr\/wp-json\/wp\/v2\/users\/4"}],"replies":[{"embeddable":true,"href":"https:\/\/www.nationalturk.com\/tr\/wp-json\/wp\/v2\/comments?post=227006"}],"version-history":[{"count":0,"href":"https:\/\/www.nationalturk.com\/tr\/wp-json\/wp\/v2\/posts\/227006\/revisions"}],"wp:featuredmedia":[{"embeddable":true,"href":"https:\/\/www.nationalturk.com\/tr\/wp-json\/wp\/v2\/media\/227007"}],"wp:attachment":[{"href":"https:\/\/www.nationalturk.com\/tr\/wp-json\/wp\/v2\/media?parent=227006"}],"wp:term":[{"taxonomy":"category","embeddable":true,"href":"https:\/\/www.nationalturk.com\/tr\/wp-json\/wp\/v2\/categories?post=227006"},{"taxonomy":"post_tag","embeddable":true,"href":"https:\/\/www.nationalturk.com\/tr\/wp-json\/wp\/v2\/tags?post=227006"}],"curies":[{"name":"wp","href":"https:\/\/api.w.org\/{rel}","templated":true}]}}