{"id":227009,"date":"2016-03-04T10:46:36","date_gmt":"2016-03-04T08:46:36","guid":{"rendered":"http:\/\/www.nationalturk.com\/?p=227009"},"modified":"2016-03-04T10:47:59","modified_gmt":"2016-03-04T08:47:59","slug":"hdpliler-icin-hazirlanan-fezleke-basbakanlikta-227009","status":"publish","type":"post","link":"https:\/\/www.nationalturk.com\/tr\/hdpliler-icin-hazirlanan-fezleke-basbakanlikta-227009\/","title":{"rendered":"HDP&#8217;liler i\u00e7in haz\u0131rlanan fezleke Ba\u015fbakanl\u0131kta"},"content":{"rendered":"<p><img loading=\"lazy\" decoding=\"async\" class=\"alignnone size-large wp-image-227010\" src=\"http:\/\/www.nationalturk.com\/tr\/wp-content\/uploads\/2016\/03\/selahattin_demirtas_havaalani-720x478.jpg\" alt=\"Selahattin Demirta\u015f\" width=\"720\" height=\"478\" title=\"\" srcset=\"https:\/\/www.nationalturk.com\/tr\/wp-content\/uploads\/2016\/03\/selahattin_demirtas_havaalani-720x478.jpg 720w, https:\/\/www.nationalturk.com\/tr\/wp-content\/uploads\/2016\/03\/selahattin_demirtas_havaalani-150x100.jpg 150w, https:\/\/www.nationalturk.com\/tr\/wp-content\/uploads\/2016\/03\/selahattin_demirtas_havaalani-420x279.jpg 420w, https:\/\/www.nationalturk.com\/tr\/wp-content\/uploads\/2016\/03\/selahattin_demirtas_havaalani.jpg 1200w\" sizes=\"auto, (max-width: 720px) 100vw, 720px\" \/><\/p>\n<p>Adalet Bakanl\u0131\u011f\u0131, HDP E\u015f Genel ba\u015fkanlar\u0131 Selahattin Demirta\u015f ve Figen Y\u00fcksekda\u011f ile milletvekilleri Selma Irmak, S\u0131rr\u0131 S\u00fcreyya \u00d6nder ve Ertu\u011frul K\u00fcrkc\u00fc hakk\u0131nda &#8220;dokunulmazl\u0131klar\u0131n kald\u0131r\u0131lmas\u0131&#8221; istemiyle haz\u0131rlanan fezlekeyi, TBMM&#8217;ye g\u00f6nderilmek \u00fczere Ba\u015fbakanl\u0131k&#8217;a sundu.<\/p>\n<p>AA muhabirinin ald\u0131\u011f\u0131 bilgiye g\u00f6re, Kayap\u0131nar Spor Salonunda iki g\u00fcn s\u00fcren Demokratik Toplum Kongresi (DTK) Ola\u011fan\u00fcst\u00fc Genel Kurulunda s\u00f6zde &#8220;\u00f6z y\u00f6netim&#8221; ilan\u0131na ili\u015fkin yapt\u0131klar\u0131 konu\u015fma nedeniyle Demirta\u015f, Y\u00fcksekda\u011f, Irmak, \u00d6nder ve K\u00fcrkc\u00fc hakk\u0131nda Diyarbak\u0131r Cumhuriyet Ba\u015fsavc\u0131l\u0131\u011f\u0131&#8217;nca haz\u0131rlanarak Adalet Bakanl\u0131\u011f\u0131&#8217;na ula\u015ft\u0131r\u0131lan fezleke, Bakanl\u0131k\u00e7a TBMM&#8217;ye g\u00f6nderilmek \u00fczere Ba\u015fbakanl\u0131k&#8217;a sunuldu.<\/p>\n<p>Diyarbak\u0131r Cumhuriyet Ba\u015fsavc\u0131l\u0131\u011f\u0131, 26 Aral\u0131k 2015&#8217;te Kayap\u0131nar Spor Salonunda iki g\u00fcn s\u00fcren Demokratik Toplum Kongresi (DTK) Ola\u011fan\u00fcst\u00fc Genel Kurulunda s\u00f6zde &#8220;\u00f6z y\u00f6netim&#8221; ilan\u0131na ili\u015fkin yapt\u0131klar\u0131 konu\u015fma nedeniyle Demirta\u015f, Y\u00fcksekda\u011f, Irmak, \u00d6nder ve K\u00fcrkc\u00fc hakk\u0131nda soru\u015fturma ba\u015flatm\u0131\u015ft\u0131.<\/p>\n<p>Soru\u015fturma kapsam\u0131nda, &#8220;Halk\u0131 kin ve d\u00fc\u015fmanl\u0131\u011fa alenen tahrik etmek&#8221; ve &#8220;Silahl\u0131 ter\u00f6r \u00f6rg\u00fct\u00fcne \u00fcye olmak&#8221; su\u00e7lamas\u0131yla E\u015f Genel ba\u015fkanlar Selahattin Demirta\u015f, Figen Y\u00fcksekda\u011f, Hakkari Milletvekili Selma Irmak, Ankara Milletvekili S\u0131rr\u0131 S\u00fcreyya \u00d6nder ve \u0130zmir Milletvekili Ertu\u011frul K\u00fcrkc\u00fc hakk\u0131nda fezleke haz\u0131rlayan ba\u015fsavc\u0131l\u0131k, \u015f\u00fcphelilerin, \u00fczerlerine at\u0131l\u0131 su\u00e7lar\u0131n yasal unsurlar\u0131n\u0131n olu\u015ftu\u011fu gerek\u00e7esiyle Anayasa&#8217;n\u0131n 83. maddesine istinaden, &#8220;dokunulmazl\u0131klar\u0131n\u0131n kald\u0131r\u0131lmas\u0131&#8221; talebinde bulunmu\u015ftu. Fezleke, Adalet Bakanl\u0131\u011f\u0131&#8217;na g\u00f6nderilmi\u015fti.<\/p>\n<!-- Error, Advert is not available at this time due to schedule\/geolocation restrictions! -->\n","protected":false},"excerpt":{"rendered":"<p>Adalet Bakanl\u0131\u011f\u0131, HDP E\u015f Genel ba\u015fkanlar\u0131 Selahattin Demirta\u015f ve Figen Y\u00fcksekda\u011f ile milletvekilleri Selma Irmak, S\u0131rr\u0131 S\u00fcreyya \u00d6nder ve Ertu\u011frul K\u00fcrkc\u00fc hakk\u0131nda &#8220;dokunulmazl\u0131klar\u0131n kald\u0131r\u0131lmas\u0131&#8221; istemiyle haz\u0131rlanan fezlekeyi, TBMM&#8217;ye g\u00f6nderilmek \u00fczere Ba\u015fbakanl\u0131k&#8217;a sundu.<\/p>\n","protected":false},"author":4,"featured_media":227010,"comment_status":"open","ping_status":"open","sticky":false,"template":"","format":"standard","meta":{"_acf_changed":false,"footnotes":""},"categories":[6155,5005,6202,349,6805],"tags":[190072,77634,202746,12922,171922,194525,146668,53764],"class_list":["post-227009","post","type-post","status-publish","format-standard","has-post-thumbnail","hentry","category-gundem","category-manset","category-politika","category-son-dakika","category-turkiye","tag-adana-hdp","tag-demirtas","tag-demirtas-fezleke","tag-ertugrul-kurkcu","tag-figen-yuksekdag","tag-figen-yuksekdag-fezleke","tag-hdp","tag-selma-irmak"],"acf":[],"_links":{"self":[{"href":"https:\/\/www.nationalturk.com\/tr\/wp-json\/wp\/v2\/posts\/227009","targetHints":{"allow":["GET"]}}],"collection":[{"href":"https:\/\/www.nationalturk.com\/tr\/wp-json\/wp\/v2\/posts"}],"about":[{"href":"https:\/\/www.nationalturk.com\/tr\/wp-json\/wp\/v2\/types\/post"}],"author":[{"embeddable":true,"href":"https:\/\/www.nationalturk.com\/tr\/wp-json\/wp\/v2\/users\/4"}],"replies":[{"embeddable":true,"href":"https:\/\/www.nationalturk.com\/tr\/wp-json\/wp\/v2\/comments?post=227009"}],"version-history":[{"count":0,"href":"https:\/\/www.nationalturk.com\/tr\/wp-json\/wp\/v2\/posts\/227009\/revisions"}],"wp:featuredmedia":[{"embeddable":true,"href":"https:\/\/www.nationalturk.com\/tr\/wp-json\/wp\/v2\/media\/227010"}],"wp:attachment":[{"href":"https:\/\/www.nationalturk.com\/tr\/wp-json\/wp\/v2\/media?parent=227009"}],"wp:term":[{"taxonomy":"category","embeddable":true,"href":"https:\/\/www.nationalturk.com\/tr\/wp-json\/wp\/v2\/categories?post=227009"},{"taxonomy":"post_tag","embeddable":true,"href":"https:\/\/www.nationalturk.com\/tr\/wp-json\/wp\/v2\/tags?post=227009"}],"curies":[{"name":"wp","href":"https:\/\/api.w.org\/{rel}","templated":true}]}}