{"id":227176,"date":"2016-03-07T11:08:28","date_gmt":"2016-03-07T09:08:28","guid":{"rendered":"http:\/\/www.nationalturk.com\/?p=227176"},"modified":"2016-03-07T11:08:28","modified_gmt":"2016-03-07T09:08:28","slug":"sumeyye-erdogan-sozlendi-227176","status":"publish","type":"post","link":"https:\/\/www.nationalturk.com\/tr\/sumeyye-erdogan-sozlendi-227176\/","title":{"rendered":"S\u00fcmeyye Erdo\u011fan s\u00f6zlendi"},"content":{"rendered":"<h1>Cumhurba\u015fkan\u0131 Recep Tayyip Erdo\u011fan\u2019\u0131n bekar k\u0131z\u0131 S\u00fcmeyye Erdo\u011fan ile Baykar Makina\u2019n\u0131n sahibi \u00d6zdemir Bayraktar\u2019\u0131n o\u011flu Sel\u00e7uk Bayraktar\u2019\u0131n s\u00f6zlendikleri \u00f6\u011frenildi.<\/h1>\n<p>Massachusetts Teknoloji Enstit\u00fcs\u00fc\u2019nde (MIT) doktora yapan 36 ya\u015f\u0131ndaki Sel\u00e7uk Bayraktar, yerli \u0130nsans\u0131z Hava Arac\u0131 Bayraktar\u2019\u0131n tasar\u0131m\u0131n\u0131 yapan ekibin ba\u015f\u0131nda yer al\u0131yor.\u00a0Bayraktar ailesi taraf\u0131ndan do\u011frulanan haber, ilk olarak Sar\u0131yer\u2019de yerel gazetelerde yay\u0131nland\u0131. Sar\u0131yer Times isimli gazete \u201cS\u00fcmeyye Erdo\u011fan Sar\u0131yer\u2019e gelin geliyor\u201d ba\u015fl\u0131kl\u0131 habere imza atarak \u201cCumhurba\u015fkan\u0131 Tayyip Erdo\u011fan\u2019\u0131n k\u0131z\u0131 S\u00fcmeyye Erdo\u011fan ile \u00d6zdemir Bayraktar\u2019\u0131n o\u011flu Sel\u00e7uk Bayraktar s\u00f6zlendiler, \u00e7ok k\u0131sa zamanda ni\u015fanlan\u0131yorlar\u201d bilgisini okuyucular\u0131na aktard\u0131.<\/p>\n<!-- Error, Advert is not available at this time due to schedule\/geolocation restrictions! -->\n<p>&nbsp;<\/p>\n","protected":false},"excerpt":{"rendered":"<p>Cumhurba\u015fkan\u0131 Recep Tayyip Erdo\u011fan\u2019\u0131n bekar k\u0131z\u0131 S\u00fcmeyye Erdo\u011fan ile Baykar Makina\u2019n\u0131n sahibi \u00d6zdemir Bayraktar\u2019\u0131n o\u011flu Sel\u00e7uk Bayraktar\u2019\u0131n s\u00f6zlendikleri \u00f6\u011frenildi.<\/p>\n","protected":false},"author":4,"featured_media":227177,"comment_status":"open","ping_status":"open","sticky":false,"template":"","format":"standard","meta":{"_acf_changed":false,"footnotes":""},"categories":[6155,5005,6805],"tags":[17461,202870,43172],"class_list":["post-227176","post","type-post","status-publish","format-standard","has-post-thumbnail","hentry","category-gundem","category-manset","category-turkiye","tag-sariyer","tag-selcuk-bayraktar","tag-sumeyye-erdogan"],"acf":[],"_links":{"self":[{"href":"https:\/\/www.nationalturk.com\/tr\/wp-json\/wp\/v2\/posts\/227176","targetHints":{"allow":["GET"]}}],"collection":[{"href":"https:\/\/www.nationalturk.com\/tr\/wp-json\/wp\/v2\/posts"}],"about":[{"href":"https:\/\/www.nationalturk.com\/tr\/wp-json\/wp\/v2\/types\/post"}],"author":[{"embeddable":true,"href":"https:\/\/www.nationalturk.com\/tr\/wp-json\/wp\/v2\/users\/4"}],"replies":[{"embeddable":true,"href":"https:\/\/www.nationalturk.com\/tr\/wp-json\/wp\/v2\/comments?post=227176"}],"version-history":[{"count":0,"href":"https:\/\/www.nationalturk.com\/tr\/wp-json\/wp\/v2\/posts\/227176\/revisions"}],"wp:featuredmedia":[{"embeddable":true,"href":"https:\/\/www.nationalturk.com\/tr\/wp-json\/wp\/v2\/media\/227177"}],"wp:attachment":[{"href":"https:\/\/www.nationalturk.com\/tr\/wp-json\/wp\/v2\/media?parent=227176"}],"wp:term":[{"taxonomy":"category","embeddable":true,"href":"https:\/\/www.nationalturk.com\/tr\/wp-json\/wp\/v2\/categories?post=227176"},{"taxonomy":"post_tag","embeddable":true,"href":"https:\/\/www.nationalturk.com\/tr\/wp-json\/wp\/v2\/tags?post=227176"}],"curies":[{"name":"wp","href":"https:\/\/api.w.org\/{rel}","templated":true}]}}