{"id":227301,"date":"2016-03-08T14:29:00","date_gmt":"2016-03-08T12:29:00","guid":{"rendered":"http:\/\/www.nationalturk.com\/?p=227301"},"modified":"2016-03-08T15:28:00","modified_gmt":"2016-03-08T13:28:00","slug":"chpli-levent-gok-mhp-her-firsatta-akpye-muazzam-destek-saglamistir-227301-2","status":"publish","type":"post","link":"https:\/\/www.nationalturk.com\/tr\/chpli-levent-gok-mhp-her-firsatta-akpye-muazzam-destek-saglamistir-227301-2\/","title":{"rendered":"CHP&#8217;li Levent G\u00f6k: MHP her f\u0131rsatta AKP&#8217;ye muazzam destek sa\u011flam\u0131\u015ft\u0131r"},"content":{"rendered":"<h1>CHP Grup Ba\u015fkanvekili Levent G\u00f6k, MHP&#8217;den partisine y\u00f6nelik ele\u015ftirilere ili\u015fkin, &#8220;MHP her f\u0131rsatta AKP ile beraber davranarak Adalet ve Kalk\u0131nma Partisi&#8217;ne muazzam bir destek sa\u011flam\u0131\u015ft\u0131r&#8221; dedi.<\/h1>\n<p>Levent G\u00f6k, &#8220;8 Mart D\u00fcnya Kad\u0131nlar G\u00fcn\u00fc&#8221; dolay\u0131s\u0131yla Meclis Bas\u0131n Koridorunu ziyaret ederek, kad\u0131n gazetecilere karanfil da\u011f\u0131tt\u0131.<\/p>\n<p>Gazetecilerin sorular\u0131n\u0131 da yan\u0131tlayan G\u00f6k, MHP Genel Ba\u015fkan Yard\u0131mc\u0131s\u0131 Celal Adan&#8217;\u0131n, &#8220;Mustafa Kemal Atat\u00fcrk hayatta olsayd\u0131, CHP&#8217;yi kapat\u0131rd\u0131&#8221; y\u00f6n\u00fcndeki s\u00f6zlerinin hat\u0131rlat\u0131lmas\u0131n\u0131n \u00fczerine, \u015funlar\u0131 s\u00f6yledi:<\/p>\n<p>&#8220;MHP&#8217;nin AKP ile ayn\u0131 \u00e7izgide siyaset yapmaya \u00e7al\u0131\u015ft\u0131\u011f\u0131n\u0131 \u00fcz\u00fclerek g\u00f6r\u00fcyoruz. MHP, 7 Haziran se\u00e7imlerinden itibaren ba\u015flayarak her t\u00fcrl\u00fc konuda AKP&#8217;ye can simidi olmu\u015f ve \u00fclkenin bug\u00fcn i\u00e7inde bulundu\u011fu durumda AKP ile ba\u015f sorumlu olarak durmaya devam ediyor. \u00d6nce kendileri ne yapt\u0131klar\u0131na baks\u0131nlar. Biz \u00fclkemizi iktidar\u0131n bu a\u011f\u0131r bask\u0131s\u0131ndan, Atat\u00fcrk ilke ve devrimlerine y\u00f6nelik tahripkar tutumlar\u0131ndan, T\u00fcrkiye&#8217;deki yozla\u015fmadan, yolsuzluktan, ter\u00f6rden kurtarmak i\u00e7in \u00e7\u0131rp\u0131n\u0131rken MHP her f\u0131rsatta AKP ile beraber davranarak Adalet ve Kalk\u0131nma Partisi&#8217;ne muazzam bir destek sa\u011flam\u0131\u015ft\u0131r. Bu deste\u011fi a\u00e7\u0131k\u00e7a g\u00f6r\u00fclen bir partinin, partimizin kurulu\u015funa, kurulu\u015f liderine ve ilkelerine s\u00f6z s\u00f6yleme hakk\u0131 bulunmamaktad\u0131r. \u00d6nce d\u00f6ns\u00fcnler, kendilerine bir baks\u0131nlar. Kendilerini bu y\u00f6nde muhatap dahi almay\u0131z.&#8221;<\/p>\n<p>&#8211; &#8220;CHP ne HDP&#8217;dir ne AKP&#8217;dir ne MHP&#8217;dir&#8221;<\/p>\n<p>G\u00f6k, MHP y\u00f6neticilerinin, &#8220;CHP&#8217;nin giderek HDP&#8217;lile\u015fti\u011fi&#8221; y\u00f6n\u00fcndeki ele\u015ftirisine de yan\u0131t verdi.<\/p>\n<p>Levent G\u00f6k, &#8220;B\u00f6yle bir tav\u0131r olabilir mi? Biz ayr\u0131 bir siyasi partiyiz. Biz ter\u00f6rle aram\u0131za amas\u0131z mesafe koyan bir partiyiz. HDP&#8217;yi bu y\u00f6nden ele\u015ftiriyoruz&#8221; dedi.<\/p>\n<p>Partisi taraf\u0131ndan yay\u0131nlanan Mardin ve Diyarbak\u0131r raporlar\u0131nda, HDP&#8217;nin b\u00f6lgedeki siyasal a\u011f\u0131rl\u0131\u011f\u0131n\u0131n giderek kayboldu\u011fu tespiti yapt\u0131klar\u0131n\u0131 ve bunun da dikkat edilmesi gereken bir nokta oldu\u011funu vurgulad\u0131klar\u0131n\u0131 aktaran G\u00f6k, &#8220;CHP ne HDP&#8217;dir ne AKP&#8217;dir ne MHP&#8217;dir. CHP&#8217;nin \u00e7izgileri b\u00fct\u00fcn partilerden farkl\u0131d\u0131r. Biz ter\u00f6rle sonuna kadar m\u00fccadele edilmesini savunuyoruz. Ama ter\u00f6rle m\u00fccadele edilirken de me\u015fru s\u0131n\u0131rlar i\u00e7inde m\u00fccadele edilmesi gerekti\u011fini savunuyoruz&#8221; diye konu\u015ftu.<\/p>\n<p>T\u00fcrkiye&#8217;nin do\u011fu ve g\u00fcneydo\u011fusunda pek \u00e7ok insan hakk\u0131 ihlalleri ya\u015fand\u0131\u011f\u0131n\u0131 ifade eden G\u00f6k, \u015f\u00f6yle konu\u015ftu:<\/p>\n<p>&#8220;Buna kar\u015f\u0131 da cesurca s\u00f6zlerimizi s\u00f6yl\u00fcyoruz. Ama PKK&#8217;y\u0131 da bir ter\u00f6r \u00f6rg\u00fct\u00fc olarak her zaman lanetliyoruz. CHP&#8217;nin bu duru\u015fu kar\u015f\u0131s\u0131nda yine MHP, 7 Haziran se\u00e7imlerinden sonra PKK ter\u00f6r\u00fc, I\u015e\u0130D ter\u00f6r\u00fc, DHKP-C ter\u00f6r\u00fc ara\u015ft\u0131r\u0131ls\u0131n diye Meclis&#8217;te d\u00f6rt partinin bir komisyon kurmas\u0131na ili\u015fkin CHP&#8217;nin verdi\u011fi \u00f6nergeye, AKP ile birlikte ret oyu vermi\u015f bir partidir. Bunlar\u0131 s\u00f6ylerken herkesin kendisine dikkat etmesi gerekir. Biz ne yapt\u0131\u011f\u0131m\u0131z\u0131 biliyoruz, ne s\u00f6yledi\u011fimizi biliyoruz.&#8221;<\/p>\n<!-- Error, Advert is not available at this time due to schedule\/geolocation restrictions! -->\n","protected":false},"excerpt":{"rendered":"<p>CHP Grup Ba\u015fkanvekili Levent G\u00f6k, MHP&#8217;den partisine y\u00f6nelik ele\u015ftirilere ili\u015fkin, &#8220;MHP her f\u0131rsatta AKP ile beraber davranarak Adalet ve Kalk\u0131nma Partisi&#8217;ne muazzam bir destek sa\u011flam\u0131\u015ft\u0131r&#8221; dedi.<\/p>\n","protected":false},"author":4,"featured_media":227314,"comment_status":"open","ping_status":"open","sticky":false,"template":"","format":"standard","meta":{"_acf_changed":false,"footnotes":""},"categories":[5005,6202,6805],"tags":[9476,74573,150830,146668,79168,194281,194282,135611],"class_list":["post-227301","post","type-post","status-publish","format-standard","has-post-thumbnail","hentry","category-manset","category-politika","category-turkiye","tag-akp","tag-akp-mhp","tag-chp-hdp","tag-hdp","tag-levent-gok","tag-levent-gok-mhp","tag-levent-gok-mhp-aciklamasi","tag-mhp-chp"],"acf":[],"_links":{"self":[{"href":"https:\/\/www.nationalturk.com\/tr\/wp-json\/wp\/v2\/posts\/227301","targetHints":{"allow":["GET"]}}],"collection":[{"href":"https:\/\/www.nationalturk.com\/tr\/wp-json\/wp\/v2\/posts"}],"about":[{"href":"https:\/\/www.nationalturk.com\/tr\/wp-json\/wp\/v2\/types\/post"}],"author":[{"embeddable":true,"href":"https:\/\/www.nationalturk.com\/tr\/wp-json\/wp\/v2\/users\/4"}],"replies":[{"embeddable":true,"href":"https:\/\/www.nationalturk.com\/tr\/wp-json\/wp\/v2\/comments?post=227301"}],"version-history":[{"count":0,"href":"https:\/\/www.nationalturk.com\/tr\/wp-json\/wp\/v2\/posts\/227301\/revisions"}],"wp:featuredmedia":[{"embeddable":true,"href":"https:\/\/www.nationalturk.com\/tr\/wp-json\/wp\/v2\/media\/227314"}],"wp:attachment":[{"href":"https:\/\/www.nationalturk.com\/tr\/wp-json\/wp\/v2\/media?parent=227301"}],"wp:term":[{"taxonomy":"category","embeddable":true,"href":"https:\/\/www.nationalturk.com\/tr\/wp-json\/wp\/v2\/categories?post=227301"},{"taxonomy":"post_tag","embeddable":true,"href":"https:\/\/www.nationalturk.com\/tr\/wp-json\/wp\/v2\/tags?post=227301"}],"curies":[{"name":"wp","href":"https:\/\/api.w.org\/{rel}","templated":true}]}}