{"id":227799,"date":"2016-03-14T14:05:29","date_gmt":"2016-03-14T12:05:29","guid":{"rendered":"http:\/\/www.nationalturk.com\/?p=227799"},"modified":"2016-03-14T15:41:11","modified_gmt":"2016-03-14T13:41:11","slug":"abdullah-comert-davasinda-karar-cikti","status":"publish","type":"post","link":"https:\/\/www.nationalturk.com\/tr\/abdullah-comert-davasinda-karar-cikti\/","title":{"rendered":"Abdullah C\u00f6mert davas\u0131nda karar \u00e7\u0131kt\u0131"},"content":{"rendered":"<h1>Hatay&#8217;daki Gezi Park\u0131\u00a0eyleminde\u00a0Abdullah C\u00f6mert&#8217;in ya\u015fam\u0131n\u0131 yitirmesine ili\u015fkin davada, san\u0131k polis memuru Ahmet Ku\u015f hakk\u0131nda &#8220;kast\u0131n a\u015f\u0131lmas\u0131 suretiyle adam \u00f6ld\u00fcrme&#8221; su\u00e7undan 13 y\u0131l 4 ay hapis cezas\u0131 verildi.<\/h1>\n<p>Bal\u0131kesir 2. A\u011f\u0131r Ceza Mahkemesindeki duru\u015fmaya, C\u00f6mert&#8217;in annesi Hatice, babas\u0131 Edip ve a\u011fabeyi Zafer C\u00f6mert ile taraf avukatlar\u0131 kat\u0131ld\u0131.<\/p>\n<p>San\u0131k Ku\u015f, duru\u015fmaya, Ses ve G\u00f6r\u00fcnt\u00fc Bili\u015fim Sistemi (SEGB\u0130S) arac\u0131l\u0131\u011f\u0131yla kat\u0131ld\u0131.<\/p>\n<p>San\u0131k avukat\u0131 Fatih Maden, \u00f6nceki savunmalar\u0131n\u0131 tekrar ettiklerini belirterek, &#8220;M\u00fcvekkilin beraat\u0131n\u0131, mahkeme aksi kanaatte ise lehe h\u00fck\u00fcm verilmesini talep ederiz&#8221; dedi.<\/p>\n<p>Mahkeme heyeti, san\u0131k Ku\u015f&#8217;a, Abdullah C\u00f6mert&#8217;i silah olarak say\u0131lan gaz t\u00fcfe\u011fiyle &#8220;kast\u0131n a\u015f\u0131lmas\u0131 suretiyle \u00f6ld\u00fcrme&#8221; su\u00e7unu i\u015fledi\u011fi sabit olmakla, eylemine uyan TCK&#8217;n\u0131n ilgili maddesi uyar\u0131nca, san\u0131\u011f\u0131n ki\u015fili\u011fi, olay\u0131n i\u015fleni\u015f \u015fekli ve geli\u015fimi g\u00f6z \u00f6n\u00fcne al\u0131narak, ilk etapta 12 y\u0131l hapis cezas\u0131 verdi.<\/p>\n<p>Eylemin kamu g\u00f6revine ait ara\u00e7la i\u015flendi\u011finden cezay\u0131, \u00fc\u00e7te bir oran\u0131nda art\u0131rarak 16 y\u0131la \u00e7\u0131karan mahkeme heyeti, TCK&#8217;n\u0131n 62\/1 maddesi uyar\u0131nca alt\u0131da bir oran\u0131nda indirerek Ku\u015f&#8217;un, 13 y\u0131l 4 ay hapisle cezaland\u0131r\u0131lmas\u0131na h\u00fckmetti.<\/p>\n<p>\u0130nfaz\u0131ndan sonra i\u015flemek \u00fczere verilen cezan\u0131n yar\u0131s\u0131 kadar TCK 53\/1 maddesinde say\u0131lan hak ve yetkinin kullan\u0131lmas\u0131n\u0131n yasaklanmas\u0131na karar veren mahkeme heyeti, san\u0131\u011f\u0131n polis memuru olmas\u0131, SEGB\u0130S ile yap\u0131lan duru\u015fmalara kat\u0131lmas\u0131, delilleri karartma ihtimalinin bulunmamas\u0131, sabit adresinin olmas\u0131, adli kontrol tedbirinin yeterli olaca\u011f\u0131n\u0131 g\u00f6z \u00f6n\u00fcne alarak takdiren tutuklanmas\u0131na yer olmad\u0131\u011f\u0131n\u0131 kararla\u015ft\u0131rd\u0131.<\/p>\n<p>&#8211; Abdullah C\u00f6mert&#8217;in annesi ve avukat\u0131n a\u00e7\u0131klamalar\u0131<\/p>\n<p>Abdullah C\u00f6mert&#8217;in annesi Hatice C\u00f6mert, duru\u015fma sonras\u0131 gazetecilere yapt\u0131\u011f\u0131 a\u00e7\u0131klamada, san\u0131\u011fa verilen cezan\u0131n yetersiz oldu\u011funu savundu.<\/p>\n<p>C\u00f6mert, &#8220;Her \u015fey ortada, hakim bu karar\u0131 veriyor. Avukatlardan Allah raz\u0131 olsun bizi hi\u00e7 yaln\u0131z b\u0131rakmad\u0131lar. Hakim o katili tutuklamad\u0131. 13 y\u0131l 4 ay verdi ama tutuklamad\u0131. Ne yapmak laz\u0131m? Ben aslan gibi bir \u00e7ocuk yeti\u015ftirdim. Onu benden ald\u0131lar&#8221; ifadelerini kulland\u0131.<\/p>\n<p>Avukat Hatice Can da Ku\u015f&#8217;un kasten adam \u00f6ld\u00fcrme su\u00e7undan yarg\u0131lanmas\u0131 talebinde bulunduklar\u0131n\u0131 ancak mahkeme heyetinin farkl\u0131 bir su\u00e7 maddesine dayanarak karar verdi\u011fini s\u00f6yledi.<\/p>\n<p>Ku\u015f&#8217;un daha a\u011f\u0131r \u015fekilde ceza almas\u0131 i\u00e7in gerekli yasal i\u015flemleri yapacaklar\u0131n\u0131 ifade eden Can, &#8220;Dava olas\u0131 kastla \u00f6ld\u00fcrme su\u00e7undan a\u00e7\u0131lm\u0131\u015ft\u0131, bize t\u00fcm delilleriyle, bilimsel verilerle, gaz kaps\u00fcl\u00fcn\u00fcn uygun kullan\u0131lmad\u0131\u011f\u0131 ve hedef g\u00f6stererek, ate\u015f edildi\u011fini belirterek kasten \u00f6ld\u00fcrd\u00fc\u011f\u00fc iddias\u0131yla savunmalar\u0131m\u0131z\u0131 yap\u0131yorduk ancak kararda &#8216;kast\u0131n a\u015f\u0131lmas\u0131 suretiyle adam \u00f6ld\u00fcrme&#8217; su\u00e7undan ceza ald\u0131&#8221; diye konu\u015ftu.<\/p>\n<p>A\u00e7\u0131klama s\u0131ras\u0131nda adliye \u00f6n\u00fcnde toplanan bir grup, slogan atarak aileye destek verdi.<\/p>\n<p>Hatay&#8217;\u0131n Antakya il\u00e7esinde 2 Haziran 2013&#8217;teki Gezi Park\u0131 odakl\u0131 protestolar s\u0131ras\u0131nda biber gaz\u0131 kaps\u00fcl\u00fcn\u00fcn ba\u015f\u0131na isabet etmesiyle ya\u015fam\u0131n\u0131 yitiren Abdullah C\u00f6mert&#8217;in \u00f6l\u00fcm\u00fcyle ilgili davan\u0131n, g\u00fcvenlik gerek\u00e7esiyle Bal\u0131kesir 2. A\u011f\u0131r Ceza Mahkemesinde g\u00f6r\u00fclmesine karar verilmi\u015fti.<\/p>\n<!-- Error, Advert is not available at this time due to schedule\/geolocation restrictions! -->\n","protected":false},"excerpt":{"rendered":"<p>Hatay&#8217;daki Gezi Park\u0131 eyleminde Abdullah C\u00f6mert&#8217;in ya\u015fam\u0131n\u0131 yitirmesine ili\u015fkin davada, san\u0131k polis memuru Ahmet Ku\u015f hakk\u0131nda &#8220;kast\u0131n a\u015f\u0131lmas\u0131 suretiyle adam \u00f6ld\u00fcrme&#8221; su\u00e7undan 13 y\u0131l 4 ay hapis cezas\u0131 verildi.<\/p>\n","protected":false},"author":4,"featured_media":227800,"comment_status":"open","ping_status":"open","sticky":false,"template":"","format":"standard","meta":{"_acf_changed":false,"footnotes":""},"categories":[6155,5005,349,6805],"tags":[131371,166488,159596],"class_list":["post-227799","post","type-post","status-publish","format-standard","has-post-thumbnail","hentry","category-gundem","category-manset","category-son-dakika","category-turkiye","tag-abdullah-comert","tag-abdullah-comert-davasi","tag-ahmet-kus"],"acf":[],"_links":{"self":[{"href":"https:\/\/www.nationalturk.com\/tr\/wp-json\/wp\/v2\/posts\/227799","targetHints":{"allow":["GET"]}}],"collection":[{"href":"https:\/\/www.nationalturk.com\/tr\/wp-json\/wp\/v2\/posts"}],"about":[{"href":"https:\/\/www.nationalturk.com\/tr\/wp-json\/wp\/v2\/types\/post"}],"author":[{"embeddable":true,"href":"https:\/\/www.nationalturk.com\/tr\/wp-json\/wp\/v2\/users\/4"}],"replies":[{"embeddable":true,"href":"https:\/\/www.nationalturk.com\/tr\/wp-json\/wp\/v2\/comments?post=227799"}],"version-history":[{"count":0,"href":"https:\/\/www.nationalturk.com\/tr\/wp-json\/wp\/v2\/posts\/227799\/revisions"}],"wp:featuredmedia":[{"embeddable":true,"href":"https:\/\/www.nationalturk.com\/tr\/wp-json\/wp\/v2\/media\/227800"}],"wp:attachment":[{"href":"https:\/\/www.nationalturk.com\/tr\/wp-json\/wp\/v2\/media?parent=227799"}],"wp:term":[{"taxonomy":"category","embeddable":true,"href":"https:\/\/www.nationalturk.com\/tr\/wp-json\/wp\/v2\/categories?post=227799"},{"taxonomy":"post_tag","embeddable":true,"href":"https:\/\/www.nationalturk.com\/tr\/wp-json\/wp\/v2\/tags?post=227799"}],"curies":[{"name":"wp","href":"https:\/\/api.w.org\/{rel}","templated":true}]}}