{"id":227830,"date":"2016-03-14T16:20:00","date_gmt":"2016-03-14T14:20:00","guid":{"rendered":"http:\/\/www.nationalturk.com\/?p=227830"},"modified":"2016-03-14T16:21:48","modified_gmt":"2016-03-14T14:21:48","slug":"hdp-binasina-silahli-saldiri","status":"publish","type":"post","link":"https:\/\/www.nationalturk.com\/tr\/hdp-binasina-silahli-saldiri\/","title":{"rendered":"HDP binas\u0131na silahl\u0131 sald\u0131r\u0131"},"content":{"rendered":"<h1>HDP Edirne \u0130l Ba\u015fkanl\u0131\u011f\u0131 binas\u0131na bug\u00fcn saat 15.30 s\u0131ralar\u0131nda hen\u00fcz tespit edilemeyen bir ki\u015fi taraf\u0131ndan tabanca ile 10 el ate\u015f edildi.<\/h1>\n<p>HDP Edirne \u0130l Ba\u015fkanl\u0131\u011f\u0131 binas\u0131na kimli\u011fi belirsiz bir ki\u015fi taraf\u0131ndan tabanca ile ate\u015f a\u00e7\u0131ld\u0131. Silahtan \u00e7\u0131kan kur\u015funlar parti binas\u0131n\u0131n cam\u0131na isabet etti.\u00a0Sald\u0131rgan daha sonra yaya olarak ka\u00e7arak Londra Asfalt\u0131 \u00fczerinde bekleyen bir araca binerek olay yerinden uzakla\u015ft\u0131.\u00a0G\u00f6rg\u00fcn tan\u0131klar\u0131, sald\u0131rgan\u0131n sakall\u0131 ve mavi mont giydi\u011fini s\u00f6yledi. Olay yerinde inceleme yapan Edirne Emniyet M\u00fcd\u00fcr\u00fc Adnan Erdo\u011fan Arma\u011fan, zanl\u0131n\u0131n ka\u00e7t\u0131\u011f\u0131 arac\u0131n plakas\u0131n\u0131 tespit ettiklerini ve yakalamak i\u00e7in \u00e7al\u0131\u015fma ba\u015flatt\u0131klar\u0131n\u0131 s\u00f6yledi.<\/p>\n<!-- Error, Advert is not available at this time due to schedule\/geolocation restrictions! -->\n","protected":false},"excerpt":{"rendered":"<p>HDP Edirne \u0130l Ba\u015fkanl\u0131\u011f\u0131 binas\u0131na bug\u00fcn saat 15.30 s\u0131ralar\u0131nda hen\u00fcz tespit edilemeyen bir ki\u015fi taraf\u0131ndan tabanca ile 10 el ate\u015f edildi.<\/p>\n","protected":false},"author":4,"featured_media":227832,"comment_status":"open","ping_status":"open","sticky":false,"template":"","format":"standard","meta":{"_acf_changed":false,"footnotes":""},"categories":[6155,5005,349,6805],"tags":[146668],"class_list":["post-227830","post","type-post","status-publish","format-standard","has-post-thumbnail","hentry","category-gundem","category-manset","category-son-dakika","category-turkiye","tag-hdp"],"acf":[],"_links":{"self":[{"href":"https:\/\/www.nationalturk.com\/tr\/wp-json\/wp\/v2\/posts\/227830","targetHints":{"allow":["GET"]}}],"collection":[{"href":"https:\/\/www.nationalturk.com\/tr\/wp-json\/wp\/v2\/posts"}],"about":[{"href":"https:\/\/www.nationalturk.com\/tr\/wp-json\/wp\/v2\/types\/post"}],"author":[{"embeddable":true,"href":"https:\/\/www.nationalturk.com\/tr\/wp-json\/wp\/v2\/users\/4"}],"replies":[{"embeddable":true,"href":"https:\/\/www.nationalturk.com\/tr\/wp-json\/wp\/v2\/comments?post=227830"}],"version-history":[{"count":0,"href":"https:\/\/www.nationalturk.com\/tr\/wp-json\/wp\/v2\/posts\/227830\/revisions"}],"wp:featuredmedia":[{"embeddable":true,"href":"https:\/\/www.nationalturk.com\/tr\/wp-json\/wp\/v2\/media\/227832"}],"wp:attachment":[{"href":"https:\/\/www.nationalturk.com\/tr\/wp-json\/wp\/v2\/media?parent=227830"}],"wp:term":[{"taxonomy":"category","embeddable":true,"href":"https:\/\/www.nationalturk.com\/tr\/wp-json\/wp\/v2\/categories?post=227830"},{"taxonomy":"post_tag","embeddable":true,"href":"https:\/\/www.nationalturk.com\/tr\/wp-json\/wp\/v2\/tags?post=227830"}],"curies":[{"name":"wp","href":"https:\/\/api.w.org\/{rel}","templated":true}]}}