{"id":227857,"date":"2016-03-15T10:20:18","date_gmt":"2016-03-15T08:20:18","guid":{"rendered":"http:\/\/www.nationalturk.com\/?p=227857"},"modified":"2016-03-15T10:20:18","modified_gmt":"2016-03-15T08:20:18","slug":"obama-90-yil-sonra-savas-gemisi-olmadan-giden-ilk-baskan-olacagim","status":"publish","type":"post","link":"https:\/\/www.nationalturk.com\/tr\/obama-90-yil-sonra-savas-gemisi-olmadan-giden-ilk-baskan-olacagim\/","title":{"rendered":"Obama: 90 y\u0131l sonra sava\u015f gemisi olmadan giden ilk ba\u015fkan olaca\u011f\u0131m"},"content":{"rendered":"<h1>ABD Ba\u015fkan\u0131 Obama, &#8220;Yakla\u015f\u0131k 90 y\u0131l sonra, gelecek hafta bana bir sava\u015f gemisi e\u015flik etmeden K\u00fcba\u2019y\u0131 ziyaret eden ilk ABD ba\u015fkan\u0131 olmay\u0131 sab\u0131rs\u0131zl\u0131kla bekliyorum&#8221; dedi.<\/h1>\n<p>D\u0131\u015fi\u015fleri Bakanl\u0131\u011f\u0131&#8217;n\u0131n merkez te\u015fkilat\u0131nda ve yurtd\u0131\u015f\u0131nda g\u00f6rev yapan b\u00fcy\u00fckel\u00e7iler i\u00e7in d\u00fczenledi\u011fi konferansta konu\u015fan Obama, ABD&#8217;nin yurtd\u0131\u015f\u0131 temsilciliklerinde g\u00f6revli olanlara kendilerini daha g\u00fcvenli k\u0131ld\u0131\u011f\u0131 ve \u00e7al\u0131\u015fmalar\u0131 i\u00e7in te\u015fekk\u00fcr etti.\u00a0D\u0131\u015fi\u015fleri Bakan\u0131 John Kerry&#8217;nin \u00e7abalar\u0131n\u0131 \u00f6ven Obama, Kerry&#8217;nin &#8216;yorulmak bilmedi\u011fini&#8217; belirterek, bug\u00fcne kadar 82 yurtd\u0131\u015f\u0131 seyahatinde 80 \u00fclkeyi ziyaret etti\u011fini ve 1 milyon 600 bin kilometreden fazla yol kat etti\u011fini s\u00f6yledi.<\/p>\n<p>\u00dclkesinin K\u00fcba ile diplomatik ili\u015fkileri yeniden tesis etmesine d\u00f6n\u00fck \u00e7abalar\u0131na de\u011finen Obama, y\u00f6netiminin geri kalan s\u00fcrede Havana ile ili\u015fkilerini g\u00fc\u00e7lendirece\u011fini kaydetti.\u00a0Hafta sonu adaya ger\u00e7ekle\u015ftirece\u011fi tarihi ziyarete i\u015faret eden Obama, &#8220;Yakla\u015f\u0131k 90 y\u0131l sonra, gelecek hafta bana bir sava\u015f gemisi e\u015flik etmeden K\u00fcba&#8217;y\u0131 ziyaret eden ilk ABD ba\u015fkan\u0131 olmay\u0131 sab\u0131rs\u0131zl\u0131kla bekliyorum&#8221; dedi.<\/p>\n<!-- Error, Advert is not available at this time due to schedule\/geolocation restrictions! -->\n<p>Obama, &#8220;Yapmam\u0131z gereken bir\u00e7ok i\u015f var ve bunu yapmak i\u00e7in 10 ay\u0131 a\u015fk\u0131n s\u00fcremiz bulunuyor. Size \u015funu s\u00f6ylemek istiyorum ki gelecek 10 ay i\u00e7inde kayda de\u011fer ilerleme sa\u011flayaca\u011f\u0131m\u0131zdan eminim&#8221; diye konu\u015ftu.\u00a0&#8220;Son 3,5 y\u0131ld\u0131r insanlar beni &#8216;topal \u00f6rdek&#8217; diye isimlendiriyordu ancak bir \u015fekilde \u00e7ok fazla \u015feyi ba\u015fard\u0131k&#8221; diyen Obama, geri kalan g\u00fcnlerinde Amerikan halk\u0131n\u0131 g\u00fcvenlik k\u0131lmak, I\u015e\u0130D ile m\u00fccadele etmek, Guantanamo&#8217;yu kapatman\u0131n yan\u0131 s\u0131ra iklim de\u011fi\u015fikli\u011fi gibi konularda \u00e7al\u0131\u015fmay\u0131 s\u00fcrd\u00fcrece\u011fini dile getirdi.<\/p>\n<p>Barack Obama ayr\u0131ca CNN\u2019in \u0130spanyolca kanal\u0131na da \u00f6nemli a\u00e7\u0131klamalarda bulundu. \u00d6zellikle yeni Arjantin lideri ve deval\u00fcasyona giren Venezuela ekonomisine de\u011finen Obama, K\u00fcba\u2019ya ambargonun bir sonraki ABD ba\u015fkan\u0131 taraf\u0131ndan kald\u0131r\u0131laca\u011f\u0131na inand\u0131\u011f\u0131n\u0131 s\u00f6yledi.<\/p>\n<p>Juan Carlos Lopez\u2019e konu\u015fan Obama, g\u00f6reve ilk geldi\u011finde ABD\u2019nin Mart 2013\u2019te hayat\u0131n\u0131 kaybeden Venez\u00fcella lideri Hugo Chavez gibi fig\u00fcrlerin y\u00fckseli\u015fi nedeniyle Latin Amerika\u2019daki prestijinin olduk\u00e7a d\u00fc\u015f\u00fck oldu\u011funu hat\u0131rlatan Obama, k\u0131tada ABD\u2019ye art\u0131k daha \u00e7ok sayg\u0131 duyuldu\u011funu savundu.<\/p>\n<p>K\u00fcba ile ili\u015fkileri dondurman\u0131n 50 y\u0131ld\u0131r kimseye fayda sa\u011flamad\u0131\u011f\u0131na dikkat \u00e7eken Obama, \u2018Castro rejiminin ya da K\u00fcba\u2019n\u0131n bir gecede de\u011fi\u015fmesini beklemese\u2019 de K\u00fcba ile i\u015f yapma ve ticaretin \u00f6nemine vurgu yapt\u0131 ve bu konuya ba\u015fta \u015f\u00fcpheyle yakla\u015fanlar\u0131n \u015fimdi daha s\u0131cak bakt\u0131klar\u0131n\u0131 s\u00f6yledi.<br \/>\nAmbargoyu kald\u0131rmak i\u00e7in hen\u00fcz vekillerden yeterince destek sa\u011flanamad\u0131\u011f\u0131n\u0131 vurgulayan Obama, buna kar\u015f\u0131n bu durumun de\u011fi\u015fmeye ba\u015flad\u0131\u011f\u0131n\u0131 s\u00f6yleyip \u201cTahminim o ki bir sonraki ba\u015fkan\u0131n g\u00f6rev s\u00fcresinde- ister Demokrat ister Cumhuriyet\u00e7i olsun- ambargo kald\u0131r\u0131lacak\u201d dedi.<\/p>\n<!-- Error, Advert is not available at this time due to schedule\/geolocation restrictions! -->\n<p>Di\u011fer taraftan Obama, muhalefet ve h\u00fck\u00fcmeti ele\u015ftirenlerle de bir araya gelme niyetinde oldu\u011funu aktard\u0131.<\/p>\n<p>Obama\u2019n\u0131n 21 Mart\u2019ta yapaca\u011f\u0131 K\u00fcba ziyareti, 88 y\u0131l sonra bir ilk olma \u00f6zelli\u011fi ta\u015f\u0131yor.<\/p>\n<p>\u200b\u00d6te yandan \u2018ulusal tehdit\u2019 ilan etti\u011fi Vene\u00fczella\u2019n\u0131n ekonomisinin kendisini endi\u015felendirdi\u011fini s\u00f6yleyen Obama, iki \u00fclke aras\u0131ndaki ili\u015fkiler bozuk olmas\u0131na ra\u011fmen Caracas ekonomisinin \u00e7\u00f6kt\u00fc\u011f\u00fcn\u00fc g\u00f6rmek istemedi\u011fini \u00e7\u00fcnk\u00fc bunun Kolombiya, Orta Amerika ve Meksika ekonomilerini, dolay\u0131s\u0131yla da ABD\u2019yi etkileyece\u011fini s\u00f6yledi. Obama ayr\u0131ca Venez\u00fcella halk\u0131n\u0131 da \u2018me\u015fru ve g\u00fcvenebilecekleri bir h\u00fck\u00fcmet\u2019 kurma \u00e7a\u011fr\u0131s\u0131 yapt\u0131.<\/p>\n<p>Bu arada gelecek hafta Arjantin\u2019i de ziyaret edecek olan Obama, Devlet Ba\u015fkan\u0131 Mauricio Macri\u2019nin ikili ili\u015fkiler konusunda yeni bir d\u00f6neme girildi\u011finin fark\u0131nda oldu\u011funu belirtti. Eski Devlet Ba\u015fkan\u0131 Cristina Fernandez Kirchner\u2019i &#8216;\u2019ABD kar\u015f\u0131tl\u0131\u011f\u0131yla su\u00e7layan\u2019 Obama, onun konu\u015fma \u00fcslubunun 60\u2019l\u0131- 70\u2019li y\u0131llarda kald\u0131\u011f\u0131n\u0131 ifade etti. Obama, Kirchner\u2019i G20 zirvelerinde s\u0131kl\u0131kla g\u00f6rd\u00fc\u011f\u00fcn\u00fc anlatarak, Arjantin\u2019le kurduklar\u0131 samimi ili\u015fkilere ra\u011fmen eski h\u00fck\u00fcmetin politikalar\u0131n\u0131n t\u00fcm\u00fcyle ABD kar\u015f\u0131t\u0131 oldu\u011funu s\u00f6yledi.<\/p>\n<p>Ba\u015fkent Buenos Aires\u2019e 22 Mart gecesi gidecek olan Obama&#8217;n\u0131n, 23 Mart\u2019ta Macri ile Devlet Ba\u015fkanl\u0131\u011f\u0131 Saray\u0131 Casa Rosada\u2019da g\u00f6r\u00fc\u015fece\u011fi ifade edildi. Obama\u2019n\u0131n, 24 Mart\u2019ta \u00fclkede ger\u00e7ekle\u015ftirilen askeri darbenin 40. y\u0131l\u0131 nedeniyle Bariloche \u015fehrindeki An\u0131t Park\u2019\u0131 da ziyaret edece\u011fi belirtildi. Arjantin&#8217;de ya\u015fanan ABD destekli 1976 darbesinin 40. y\u0131l\u0131nda Obama&#8217;n\u0131n yapaca\u011f\u0131 resmi ziyaret tepkilere neden olmu\u015ftu. Obama da bunun \u00fczerine asl\u0131nda 24 Mart\u2019ta Buenos Aires\u2019e gitmesini \u00f6ng\u00f6ren ziyaret plan\u0131n\u0131 yeniden d\u00fczenlemi\u015fti.<\/p>\n<p>Obama\u2019n\u0131n Arjantin temaslar\u0131, ABD\u2019den Arjantin\u2019e 20 y\u0131la yak\u0131n bir s\u00fcre sonra yap\u0131lacak ilk devlet ba\u015fkanl\u0131\u011f\u0131 d\u00fczeyindeki ziyaret olacak.<\/p>\n<!-- Error, Advert is not available at this time due to schedule\/geolocation restrictions! -->\n","protected":false},"excerpt":{"rendered":"<p>ABD Ba\u015fkan\u0131 Obama, &#8220;Yakla\u015f\u0131k 90 y\u0131l sonra, gelecek hafta bana bir sava\u015f gemisi e\u015flik etmeden K\u00fcba\u2019y\u0131 ziyaret eden ilk ABD ba\u015fkan\u0131 olmay\u0131 sab\u0131rs\u0131zl\u0131kla bekliyorum&#8221; dedi.<\/p>\n","protected":false},"author":4,"featured_media":227862,"comment_status":"open","ping_status":"open","sticky":false,"template":"","format":"standard","meta":{"_acf_changed":false,"footnotes":""},"categories":[6768,6665,6155,6771,5005],"tags":[2509,7222,14,7703,4902,192868],"class_list":["post-227857","post","type-post","status-publish","format-standard","has-post-thumbnail","hentry","category-amerika","category-dunya","category-gundem","category-latin-amerika","category-manset","tag-barack-obama","tag-barack-obama-kuba","tag-kuba","tag-kuba-abd","tag-obama","tag-obama-kuba"],"acf":[],"_links":{"self":[{"href":"https:\/\/www.nationalturk.com\/tr\/wp-json\/wp\/v2\/posts\/227857","targetHints":{"allow":["GET"]}}],"collection":[{"href":"https:\/\/www.nationalturk.com\/tr\/wp-json\/wp\/v2\/posts"}],"about":[{"href":"https:\/\/www.nationalturk.com\/tr\/wp-json\/wp\/v2\/types\/post"}],"author":[{"embeddable":true,"href":"https:\/\/www.nationalturk.com\/tr\/wp-json\/wp\/v2\/users\/4"}],"replies":[{"embeddable":true,"href":"https:\/\/www.nationalturk.com\/tr\/wp-json\/wp\/v2\/comments?post=227857"}],"version-history":[{"count":0,"href":"https:\/\/www.nationalturk.com\/tr\/wp-json\/wp\/v2\/posts\/227857\/revisions"}],"wp:featuredmedia":[{"embeddable":true,"href":"https:\/\/www.nationalturk.com\/tr\/wp-json\/wp\/v2\/media\/227862"}],"wp:attachment":[{"href":"https:\/\/www.nationalturk.com\/tr\/wp-json\/wp\/v2\/media?parent=227857"}],"wp:term":[{"taxonomy":"category","embeddable":true,"href":"https:\/\/www.nationalturk.com\/tr\/wp-json\/wp\/v2\/categories?post=227857"},{"taxonomy":"post_tag","embeddable":true,"href":"https:\/\/www.nationalturk.com\/tr\/wp-json\/wp\/v2\/tags?post=227857"}],"curies":[{"name":"wp","href":"https:\/\/api.w.org\/{rel}","templated":true}]}}