{"id":228253,"date":"2016-03-20T23:03:20","date_gmt":"2016-03-20T21:03:20","guid":{"rendered":"http:\/\/www.nationalturk.com\/?p=228253"},"modified":"2016-03-20T23:03:56","modified_gmt":"2016-03-20T21:03:56","slug":"izmir-valisi-canli-bomba-yakalandi-iddialarina-yalanlama","status":"publish","type":"post","link":"https:\/\/www.nationalturk.com\/tr\/izmir-valisi-canli-bomba-yakalandi-iddialarina-yalanlama\/","title":{"rendered":"\u0130zmir valisinden &#8216;canl\u0131 bomba yakaland\u0131&#8217; iddialar\u0131na yalanlama"},"content":{"rendered":"<p>\u0130zmir Valisi Toprak, sosyal payla\u015f\u0131m sitelerinde &#8220;\u0130zmir&#8217;de canl\u0131 bomba yakaland\u0131&#8221; payla\u015f\u0131mlar\u0131n\u0131n ger\u00e7e\u011fi yans\u0131tmad\u0131\u011f\u0131n\u0131 bildirdi.<\/p>\n<p>\u0130zmir Valisi Mustafa Toprak, &#8220;\u0130zmir&#8217;de canl\u0131 bomba yakaland\u0131&#8221; payla\u015f\u0131mlar\u0131n\u0131n ger\u00e7e\u011fi yans\u0131tmad\u0131\u011f\u0131n\u0131 a\u00e7\u0131klad\u0131.<\/p>\n<p>\u0130zmir&#8217;de canl\u0131 bomba yakaland\u0131\u011f\u0131 y\u00f6n\u00fcnde iddialar \u00fczerine Vali Mustafa Toprak Twitter hesab\u0131ndan a\u00e7\u0131klama yapt\u0131.<\/p>\n<p>Vali Toprak a\u00e7\u0131klamas\u0131nda, &#8220;Baz\u0131 sosyal medya hesaplar\u0131 internet bas\u0131n\u0131nda \u0130zmir&#8217;de canl\u0131 bomba yakaland\u0131\u011f\u0131na ili\u015fkin bilgiler as\u0131ls\u0131zd\u0131r. Vatanda\u015flar itibar etmesinler.&#8221; ifadelerine yer verdi.<\/p>\n<!-- Error, Advert is not available at this time due to schedule\/geolocation restrictions! -->\n","protected":false},"excerpt":{"rendered":"<p>\u0130zmir Valisi Toprak, sosyal payla\u015f\u0131m sitelerinde &#8220;\u0130zmir&#8217;de canl\u0131 bomba yakaland\u0131&#8221; payla\u015f\u0131mlar\u0131n\u0131n ger\u00e7e\u011fi yans\u0131tmad\u0131\u011f\u0131n\u0131 bildirdi.<\/p>\n","protected":false},"author":3,"featured_media":228255,"comment_status":"open","ping_status":"open","sticky":false,"template":"","format":"standard","meta":{"_acf_changed":false,"footnotes":""},"categories":[6155,6805],"tags":[52248,1681,201519,149544,42552],"class_list":["post-228253","post","type-post","status-publish","format-standard","has-post-thumbnail","hentry","category-gundem","category-turkiye","tag-canli-bomba","tag-izmir","tag-izmir-canli-bomba","tag-izmir-valisi","tag-mustafa-toprak"],"acf":[],"_links":{"self":[{"href":"https:\/\/www.nationalturk.com\/tr\/wp-json\/wp\/v2\/posts\/228253","targetHints":{"allow":["GET"]}}],"collection":[{"href":"https:\/\/www.nationalturk.com\/tr\/wp-json\/wp\/v2\/posts"}],"about":[{"href":"https:\/\/www.nationalturk.com\/tr\/wp-json\/wp\/v2\/types\/post"}],"author":[{"embeddable":true,"href":"https:\/\/www.nationalturk.com\/tr\/wp-json\/wp\/v2\/users\/3"}],"replies":[{"embeddable":true,"href":"https:\/\/www.nationalturk.com\/tr\/wp-json\/wp\/v2\/comments?post=228253"}],"version-history":[{"count":0,"href":"https:\/\/www.nationalturk.com\/tr\/wp-json\/wp\/v2\/posts\/228253\/revisions"}],"wp:featuredmedia":[{"embeddable":true,"href":"https:\/\/www.nationalturk.com\/tr\/wp-json\/wp\/v2\/media\/228255"}],"wp:attachment":[{"href":"https:\/\/www.nationalturk.com\/tr\/wp-json\/wp\/v2\/media?parent=228253"}],"wp:term":[{"taxonomy":"category","embeddable":true,"href":"https:\/\/www.nationalturk.com\/tr\/wp-json\/wp\/v2\/categories?post=228253"},{"taxonomy":"post_tag","embeddable":true,"href":"https:\/\/www.nationalturk.com\/tr\/wp-json\/wp\/v2\/tags?post=228253"}],"curies":[{"name":"wp","href":"https:\/\/api.w.org\/{rel}","templated":true}]}}