{"id":228540,"date":"2016-03-23T10:21:08","date_gmt":"2016-03-23T08:21:08","guid":{"rendered":"http:\/\/www.nationalturk.com\/?p=228540"},"modified":"2016-03-23T10:21:08","modified_gmt":"2016-03-23T08:21:08","slug":"almanyanin-istihbaratini-aldigi-3-isidli-yakalandi","status":"publish","type":"post","link":"https:\/\/www.nationalturk.com\/tr\/almanyanin-istihbaratini-aldigi-3-isidli-yakalandi\/","title":{"rendered":"Almanya&#8217;n\u0131n istihbarat\u0131n\u0131 ald\u0131\u011f\u0131 3 I\u015e\u0130D&#8217;li yakaland\u0131"},"content":{"rendered":"<h1>\u0130stanbul&#8217;da d\u00fczenlenen operasyonda I\u015e\u0130D \u00fcyesi oldu\u011fu belirlenen 3 ter\u00f6rist yakaland\u0131. Yakalanan ter\u00f6ristlerin, Almanya&#8217;n\u0131n istihbarat\u0131n\u0131 ald\u0131\u011f\u0131 ve temsilciliklerini bo\u015faltt\u0131ran ki\u015filer oldu\u011fu iddia ediliyor.<\/h1>\n<p>\u0130stanbul\u2019da I\u015e\u0130D\u2019e y\u00f6nelik ger\u00e7ekle\u015ftirilen operasyonda 3 ki\u015fi g\u00f6zalt\u0131na al\u0131nd\u0131. G\u00f6zalt\u0131na al\u0131nan 2\u2019si yabanc\u0131 uyruklu 3 I\u015e\u0130D \u00fcyesinin T\u00fcrkiye\u2019deki Alman temsilcilikleri ve Alman okuluna sald\u0131r\u0131 planlad\u0131klar\u0131\u00a0ileri s\u00fcr\u00fcld\u00fc. Al\u0131nan bilgilere g\u00f6re\u00a0\u0130stanbul Emniyet M\u00fcd\u00fcrl\u00fc\u011f\u00fc\u2019ne ba\u011fl\u0131 \u0130stihbarat \u015eube M\u00fcd\u00fcrl\u00fc\u011f\u00fc ve Ter\u00f6rle M\u00fccadele \u015eube M\u00fcd\u00fcrl\u00fc\u011f\u00fc ekipleri, ge\u00e7en hafta Almanya\u2019n\u0131n T\u00fcrkiye\u2019deki temsilcilikleri ve okullar\u0131n\u0131 kapatmas\u0131na neden olan ter\u00f6r istihbarat\u0131yla ilgili \u00e7al\u0131\u015fma ba\u015flatt\u0131.<\/p>\n<p>\u00c7al\u0131\u015fmalara Alman \u0130stihbarat birimleri ve Milli \u0130stihbarat Te\u015fkilat\u0131 g\u00f6revlileri de destek verdi.\u00a0Ekipler Alman temsilciklerine ve okuluna sald\u0131r\u0131 planlad\u0131\u011f\u0131 iddia edilen 2\u2019si yabanc\u0131 uyruklu 3 I\u015e\u0130D \u00fcyesinin kald\u0131klar\u0131 adresleri belirleyerek operasyon d\u00fczenledi. Operasyon kapsam\u0131nda Irak uyruklu \u0130brahim Ghanem Alshalawey, Suriye uyruklu Ali Al Fara\u00e7 ve Muhammet Nas yakalanarak g\u00f6zalt\u0131na al\u0131nd\u0131.<\/p>\n<!-- Error, Advert is not available at this time due to schedule\/geolocation restrictions! -->\n","protected":false},"excerpt":{"rendered":"<p>\u0130stanbul&#8217;da d\u00fczenlenen operasyonda I\u015e\u0130D \u00fcyesi oldu\u011fu belirlenen 3 ter\u00f6rist yakaland\u0131. Yakalanan ter\u00f6ristlerin, Almanya&#8217;n\u0131n istihbarat\u0131n\u0131 ald\u0131\u011f\u0131 ve temsilciliklerini bo\u015faltt\u0131ran ki\u015filer oldu\u011fu iddia ediliyor.<\/p>\n","protected":false},"author":4,"featured_media":228541,"comment_status":"open","ping_status":"open","sticky":false,"template":"","format":"standard","meta":{"_acf_changed":false,"footnotes":""},"categories":[6155,5005,349],"tags":[2174,7359,151890,806],"class_list":["post-228540","post","type-post","status-publish","format-standard","has-post-thumbnail","hentry","category-gundem","category-manset","category-son-dakika","tag-almanya","tag-irak","tag-isid","tag-suriye"],"acf":[],"_links":{"self":[{"href":"https:\/\/www.nationalturk.com\/tr\/wp-json\/wp\/v2\/posts\/228540","targetHints":{"allow":["GET"]}}],"collection":[{"href":"https:\/\/www.nationalturk.com\/tr\/wp-json\/wp\/v2\/posts"}],"about":[{"href":"https:\/\/www.nationalturk.com\/tr\/wp-json\/wp\/v2\/types\/post"}],"author":[{"embeddable":true,"href":"https:\/\/www.nationalturk.com\/tr\/wp-json\/wp\/v2\/users\/4"}],"replies":[{"embeddable":true,"href":"https:\/\/www.nationalturk.com\/tr\/wp-json\/wp\/v2\/comments?post=228540"}],"version-history":[{"count":0,"href":"https:\/\/www.nationalturk.com\/tr\/wp-json\/wp\/v2\/posts\/228540\/revisions"}],"wp:featuredmedia":[{"embeddable":true,"href":"https:\/\/www.nationalturk.com\/tr\/wp-json\/wp\/v2\/media\/228541"}],"wp:attachment":[{"href":"https:\/\/www.nationalturk.com\/tr\/wp-json\/wp\/v2\/media?parent=228540"}],"wp:term":[{"taxonomy":"category","embeddable":true,"href":"https:\/\/www.nationalturk.com\/tr\/wp-json\/wp\/v2\/categories?post=228540"},{"taxonomy":"post_tag","embeddable":true,"href":"https:\/\/www.nationalturk.com\/tr\/wp-json\/wp\/v2\/tags?post=228540"}],"curies":[{"name":"wp","href":"https:\/\/api.w.org\/{rel}","templated":true}]}}