{"id":228659,"date":"2016-03-24T14:37:49","date_gmt":"2016-03-24T12:37:49","guid":{"rendered":"http:\/\/www.nationalturk.com\/?p=228659"},"modified":"2016-03-24T14:37:49","modified_gmt":"2016-03-24T12:37:49","slug":"turk-sinemasinin-efsanesi-otenazi-istedi","status":"publish","type":"post","link":"https:\/\/www.nationalturk.com\/tr\/turk-sinemasinin-efsanesi-otenazi-istedi\/","title":{"rendered":"T\u00fcrk sinemas\u0131n\u0131n efsanesi \u00f6tenazi istedi"},"content":{"rendered":"<h1>Kanserle m\u00fccadele eden \u00fcnl\u00fc oyuncu Filiz Ak\u0131n &#8220;Bitkisel hayata gireceksem \u00f6leyim. E\u015fimle birbirimize vasiyet ettik, e\u011fer \u00f6yle bir durum do\u011far ve \u00d6tenazi hakk\u0131 tan\u0131n\u0131rsa bunu kullanma s\u00f6z\u00fc verdik&#8221; dedi.<\/h1>\n<p>\u0130zmir 9. \u0130leri Ya\u015f Sempozyumu, &#8216;Keyifli Ya\u015f Almak&#8217; konusu ile Tarihi Havagaz\u0131 Fabrikas\u0131&#8217;nda ger\u00e7ekle\u015ftirildi. Sempozyumda konu\u015fan T\u00fcrk sinemas\u0131n\u0131n efsane isimlerinden Filiz Ak\u0131n zaman zaman duygusal anlar ya\u015fad\u0131. Zorlu bir kanser s\u00fcreci ge\u00e7irdi\u011fini ve ameliyat edilemedi\u011fi i\u00e7in \u00e7ok a\u011f\u0131r bir tedavi g\u00f6rd\u00fc\u011f\u00fcn\u00fc anlatan Ak\u0131n, &#8220;Ama ben yine de iyile\u015fece\u011fime inand\u0131m. Anahtar kelime moral.&#8221; dedi.<\/p>\n<p>\u015eu andaki hayat\u0131na \u015f\u00fckretti\u011fini belirten Ak\u0131n, &#8220;Benim gibi ayn\u0131 kanser t\u00fcr\u00fc olan bir arkada\u015f\u0131m \u00e7ok daha k\u00f6t\u00fc bir durumda. S\u0131k\u0131nt\u0131lar\u0131m var ama iyiyim. Pes etmek yok. Hayata devam. B\u00f6yle bir durumda en b\u00fcy\u00fck ilac\u0131n\u0131z moral. G\u00fcl\u00fcmsemek, olumlu d\u00fc\u015f\u00fcnmek hakikaten bir ila\u00e7. Benim hastal\u0131\u011f\u0131mda en b\u00fcy\u00fck deste\u011fim sevenlerim oldu. Herkes benim i\u00e7in mumlar yakt\u0131 dualar etti. \u0130yi olmam\u0131 bana g\u00f6nderilen ilaca moral ve sevgiye ba\u011fl\u0131yorum. Ya\u015fayacaksam kaliteli ya\u015fayay\u0131m, e\u011fer ba\u011f\u0131ml\u0131 olacaksam ve bitkisel hayata gireceksem \u00f6leyim. E\u015fimle birbirimize vasiyet ettik, e\u011fer \u00f6yle bir durum do\u011far ve \u00d6tenazi hakk\u0131 tan\u0131n\u0131rsa bunu kullanma s\u00f6z\u00fc verdik&#8221; diye konu\u015ftu.<\/p>\n<!-- Error, Advert is not available at this time due to schedule\/geolocation restrictions! -->\n<p>&nbsp;<\/p>\n","protected":false},"excerpt":{"rendered":"<p>Kanserle m\u00fccadele eden \u00fcnl\u00fc oyuncu Filiz Ak\u0131n &#8220;Bitkisel hayata gireceksem \u00f6leyim. E\u015fimle birbirimize vasiyet ettik, e\u011fer \u00f6yle bir durum do\u011far ve \u00d6tenazi hakk\u0131 tan\u0131n\u0131rsa bunu kullanma s\u00f6z\u00fc verdik&#8221; dedi.<\/p>\n","protected":false},"author":4,"featured_media":228660,"comment_status":"open","ping_status":"open","sticky":false,"template":"","format":"standard","meta":{"_acf_changed":false,"footnotes":""},"categories":[6232,5005],"tags":[141497,1681],"class_list":["post-228659","post","type-post","status-publish","format-standard","has-post-thumbnail","hentry","category-magazin","category-manset","tag-filiz-akin","tag-izmir"],"acf":[],"_links":{"self":[{"href":"https:\/\/www.nationalturk.com\/tr\/wp-json\/wp\/v2\/posts\/228659","targetHints":{"allow":["GET"]}}],"collection":[{"href":"https:\/\/www.nationalturk.com\/tr\/wp-json\/wp\/v2\/posts"}],"about":[{"href":"https:\/\/www.nationalturk.com\/tr\/wp-json\/wp\/v2\/types\/post"}],"author":[{"embeddable":true,"href":"https:\/\/www.nationalturk.com\/tr\/wp-json\/wp\/v2\/users\/4"}],"replies":[{"embeddable":true,"href":"https:\/\/www.nationalturk.com\/tr\/wp-json\/wp\/v2\/comments?post=228659"}],"version-history":[{"count":0,"href":"https:\/\/www.nationalturk.com\/tr\/wp-json\/wp\/v2\/posts\/228659\/revisions"}],"wp:featuredmedia":[{"embeddable":true,"href":"https:\/\/www.nationalturk.com\/tr\/wp-json\/wp\/v2\/media\/228660"}],"wp:attachment":[{"href":"https:\/\/www.nationalturk.com\/tr\/wp-json\/wp\/v2\/media?parent=228659"}],"wp:term":[{"taxonomy":"category","embeddable":true,"href":"https:\/\/www.nationalturk.com\/tr\/wp-json\/wp\/v2\/categories?post=228659"},{"taxonomy":"post_tag","embeddable":true,"href":"https:\/\/www.nationalturk.com\/tr\/wp-json\/wp\/v2\/tags?post=228659"}],"curies":[{"name":"wp","href":"https:\/\/api.w.org\/{rel}","templated":true}]}}