{"id":229014,"date":"2016-03-30T11:19:18","date_gmt":"2016-03-30T08:19:18","guid":{"rendered":"http:\/\/www.nationalturk.com\/?p=229014"},"modified":"2016-03-30T11:19:18","modified_gmt":"2016-03-30T08:19:18","slug":"adalet-bakanligi-3-bin-personel-alacak","status":"publish","type":"post","link":"https:\/\/www.nationalturk.com\/tr\/adalet-bakanligi-3-bin-personel-alacak\/","title":{"rendered":"Adalet Bakanl\u0131\u011f\u0131 3 bin personel alacak"},"content":{"rendered":"<h1>Adalet Bakan\u0131 Bekir Bozda\u011f, Ceza ve Tevkifevleri (CTE) Genel M\u00fcd\u00fcrl\u00fc\u011f\u00fc b\u00fcnyesinde \u00e7al\u0131\u015ft\u0131r\u0131lmak \u00fczere, 2 bin 954 s\u00f6zle\u015fmeli personel al\u0131naca\u011f\u0131n\u0131 a\u00e7\u0131klad\u0131.<\/h1>\n<p>Bozda\u011f, Twitter hesab\u0131ndan, Ceza ve Tevkifevleri Genel M\u00fcd\u00fcrl\u00fc\u011f\u00fcn\u00fcn infaz koruma memuru ile de\u011fi\u015fik bran\u015flarda 2 bin 954 s\u00f6zle\u015fmeli personel alaca\u011f\u0131n\u0131 bildirdi.<\/p>\n<p>Ceza ve Tevkifevleri Genel M\u00fcd\u00fcrl\u00fc\u011f\u00fcn\u00fcn internet sitesinde yay\u0131mlanan ilanda ise 2 bin 454 infaz koruma memuru, 144 b\u00fcro personeli, 95 sa\u011fl\u0131k memuru, 56 teknisyen, 155 \u015fof\u00f6r, 26 a\u015f\u00e7\u0131, 24 kaloriferci olmak \u00fczere 2 bin 954 s\u00f6zle\u015fmeli pozisyon i\u00e7in personel al\u0131m\u0131 yap\u0131laca\u011f\u0131 belirtildi. M\u00fcracaatlar\u0131n 4 Nisan&#8217;da ba\u015flay\u0131p, 15 Nisan&#8217;da sona erece\u011fi bildirildi.<\/p>\n<p>M\u00fcracaatta bulunmak isteyenler, Ceza ve Tevkifevleri Genel M\u00fcd\u00fcrl\u00fc\u011f\u00fcn\u00fcn internet sitesinde yay\u0131mlanan ilanda personel al\u0131m\u0131 i\u00e7in detayl\u0131 bilgilere ula\u015fabilecek.<\/p>\n<!-- Error, Advert is not available at this time due to schedule\/geolocation restrictions! -->\n","protected":false},"excerpt":{"rendered":"<p>Adalet Bakan\u0131 Bekir Bozda\u011f, Ceza ve Tevkifevleri (CTE) Genel M\u00fcd\u00fcrl\u00fc\u011f\u00fc b\u00fcnyesinde \u00e7al\u0131\u015ft\u0131r\u0131lmak \u00fczere, 2 bin 954 s\u00f6zle\u015fmeli personel al\u0131naca\u011f\u0131n\u0131 a\u00e7\u0131klad\u0131.<\/p>\n","protected":false},"author":4,"featured_media":229015,"comment_status":"open","ping_status":"open","sticky":false,"template":"","format":"standard","meta":{"_acf_changed":false,"footnotes":""},"categories":[6805],"tags":[10402,203706,54475,12343],"class_list":["post-229014","post","type-post","status-publish","format-standard","has-post-thumbnail","hentry","category-turkiye","tag-adalet-bakanligi","tag-adalet-bakanligi-personel","tag-adalet-bakanligi-personel-alimi","tag-bekir-bozdag"],"acf":[],"_links":{"self":[{"href":"https:\/\/www.nationalturk.com\/tr\/wp-json\/wp\/v2\/posts\/229014","targetHints":{"allow":["GET"]}}],"collection":[{"href":"https:\/\/www.nationalturk.com\/tr\/wp-json\/wp\/v2\/posts"}],"about":[{"href":"https:\/\/www.nationalturk.com\/tr\/wp-json\/wp\/v2\/types\/post"}],"author":[{"embeddable":true,"href":"https:\/\/www.nationalturk.com\/tr\/wp-json\/wp\/v2\/users\/4"}],"replies":[{"embeddable":true,"href":"https:\/\/www.nationalturk.com\/tr\/wp-json\/wp\/v2\/comments?post=229014"}],"version-history":[{"count":0,"href":"https:\/\/www.nationalturk.com\/tr\/wp-json\/wp\/v2\/posts\/229014\/revisions"}],"wp:featuredmedia":[{"embeddable":true,"href":"https:\/\/www.nationalturk.com\/tr\/wp-json\/wp\/v2\/media\/229015"}],"wp:attachment":[{"href":"https:\/\/www.nationalturk.com\/tr\/wp-json\/wp\/v2\/media?parent=229014"}],"wp:term":[{"taxonomy":"category","embeddable":true,"href":"https:\/\/www.nationalturk.com\/tr\/wp-json\/wp\/v2\/categories?post=229014"},{"taxonomy":"post_tag","embeddable":true,"href":"https:\/\/www.nationalturk.com\/tr\/wp-json\/wp\/v2\/tags?post=229014"}],"curies":[{"name":"wp","href":"https:\/\/api.w.org\/{rel}","templated":true}]}}