{"id":229077,"date":"2016-03-31T10:28:31","date_gmt":"2016-03-31T07:28:31","guid":{"rendered":"http:\/\/www.nationalturk.com\/?p=229077"},"modified":"2016-03-31T10:28:31","modified_gmt":"2016-03-31T07:28:31","slug":"genelkurmaydan-darbe-aciklamasi","status":"publish","type":"post","link":"https:\/\/www.nationalturk.com\/tr\/genelkurmaydan-darbe-aciklamasi\/","title":{"rendered":"Genelkurmay&#8217;dan darbe a\u00e7\u0131klamas\u0131"},"content":{"rendered":"<h1>Genelkurmay Ba\u015fkanl\u0131\u011f\u0131, T\u00fcrk Silahl\u0131 Kuvvetleri\u2019nin darbe yapaca\u011f\u0131 ve TSK\u2019da baz\u0131 kuvvetlerde \u00e7o\u011funlukta oldu\u011fu \u00f6ne s\u00fcr\u00fclen \u201cparalel yap\u0131\u201d mensuplar\u0131n\u0131n darbe haz\u0131rl\u0131\u011f\u0131 i\u00e7inde oldu\u011fu iddialar\u0131yla ilgili yaz\u0131l\u0131 bir a\u00e7\u0131klama yapt\u0131.<\/h1>\n<p>A\u00e7\u0131klamada, &#8220;T\u00fcrk Silahl\u0131 Kuvvetlerinde disiplin, mutlak itaat ve tek emir komuta esast\u0131r. Hi\u00e7bir yasa d\u0131\u015f\u0131, emir-komuta hiyerar\u015fisi d\u0131\u015f\u0131 olu\u015fum ve\/veya harekete taviz verilmesi s\u00f6z konusu de\u011fildir. Bamba\u015fka saiklerle yap\u0131ld\u0131\u011f\u0131 anla\u015f\u0131lan ve hi\u00e7bir hukuki, insani, vicdani ve akli dayana\u011f\u0131 olmayan, bas\u0131n eti\u011finden ve \u00fcslubundan uzak, haddini a\u015fan haber ve yorumlar\u0131 yapanlar hakk\u0131nda hukuki i\u015flemler ba\u015flat\u0131lm\u0131\u015f ve su\u00e7 duyurusunda bulunulmu\u015ftur&#8221; denildi.<\/p>\n<p>Baz\u0131 bas\u0131n yay\u0131n organlar\u0131nda bu t\u00fcr iddialar\u0131 ortaya atanlar hakk\u0131nda gereken hukuki i\u015flemin ba\u015flat\u0131ld\u0131\u011f\u0131n\u0131n vurguland\u0131\u011f\u0131 a\u00e7\u0131klamada \u015fu ifadelere yer verildi:<\/p>\n<p>&#8221;\u00dclkemizin ve milletimizin birlik, b\u00fct\u00fcnl\u00fck ve g\u00fcvenli\u011fi i\u00e7in, g\u00f6revlerinin ifas\u0131nda Anayasa&#8217;da belirtilen hukuk devleti, hukukun \u00fcst\u00fcnl\u00fc\u011f\u00fc ve demokratik toplum olman\u0131n gerekleri prensiplerine ba\u011fl\u0131l\u0131\u011f\u0131 temel esas alarak, Anayasa ve yasalar \u00e7er\u00e7evesinde kendisine verilen g\u00f6revler do\u011frultusunda yurt i\u00e7inde ve s\u0131n\u0131r \u00f6tesinde ter\u00f6ristle m\u00fccadele eden TSK; baz\u0131 il ve il\u00e7elerde de gece g\u00fcnd\u00fcz demeden, hi\u00e7 bir zorlu\u011fa ald\u0131rmadan, her t\u00fcrl\u00fc fedakarl\u0131k ve kahramanl\u0131\u011f\u0131 g\u00f6stererek, polis ve korucularla omuz omuza operasyonlar\u0131n\u0131 aral\u0131ks\u0131z s\u00fcrd\u00fcrmektedir.<\/p>\n<p>Hal b\u00f6yle iken baz\u0131 medya organlar\u0131nda hi\u00e7 bir dayana\u011f\u0131 olmadan yap\u0131lan haber ve yorumlar do\u011fal olarak kahraman silah arkada\u015flar\u0131m\u0131z\u0131n moral ve motivasyonunu olumsuz etkilemekte, t\u00fcm mensuplar\u0131m\u0131z\u0131 rahats\u0131z etmektedir.<\/p>\n<p>Milletinin engin sevgi ve g\u00fcveninden g\u00fc\u00e7 alan, demokrasiye ba\u011fl\u0131l\u0131\u011f\u0131n\u0131 her ortamda dile getiren T\u00fcrk Silahl\u0131 Kuvvetlerinde idari ve adli mekanizmalar s\u00fcrekli ve etkin olarak \u00e7al\u0131\u015ft\u0131r\u0131lmaktad\u0131r. T\u00fcrk Silahl\u0131 Kuvvetlerinde disiplin, mutlak itaat ve tek emir komuta esast\u0131r. Hi\u00e7bir yasa d\u0131\u015f\u0131, emir-komuta hiyerar\u015fisi d\u0131\u015f\u0131 olu\u015fum ve\/veya harekete taviz verilmesi s\u00f6z konusu de\u011fildir.<\/p>\n<p>Bamba\u015fka saiklerle yap\u0131ld\u0131\u011f\u0131 anla\u015f\u0131lan ve hi\u00e7bir hukuki, insani, vicdani ve akli dayana\u011f\u0131 olmayan, bas\u0131n eti\u011finden ve \u00fcslubundan uzak, haddini a\u015fan haber ve yorumlar\u0131 yapanlar hakk\u0131nda hukuki i\u015flemler ba\u015flat\u0131lm\u0131\u015f ve su\u00e7 duyurusunda bulunulmu\u015ftur.<\/p>\n<p>Kamuoyuna sayg\u0131 ile duyurulur.&#8221;<\/p>\n<!-- Error, Advert is not available at this time due to schedule\/geolocation restrictions! -->\n","protected":false},"excerpt":{"rendered":"<p>Genelkurmay Ba\u015fkanl\u0131\u011f\u0131, T\u00fcrk Silahl\u0131 Kuvvetleri\u2019nin darbe yapaca\u011f\u0131 ve TSK\u2019da baz\u0131 kuvvetlerde \u00e7o\u011funlukta oldu\u011fu \u00f6ne s\u00fcr\u00fclen \u201cparalel yap\u0131\u201d mensuplar\u0131n\u0131n darbe haz\u0131rl\u0131\u011f\u0131 i\u00e7inde oldu\u011fu iddialar\u0131yla ilgili yaz\u0131l\u0131 bir a\u00e7\u0131klama yapt\u0131.<\/p>\n","protected":false},"author":4,"featured_media":229079,"comment_status":"open","ping_status":"open","sticky":false,"template":"","format":"standard","meta":{"_acf_changed":false,"footnotes":""},"categories":[6155,5005,6202,349],"tags":[14377,7578,6905,151223],"class_list":["post-229077","post","type-post","status-publish","format-standard","has-post-thumbnail","hentry","category-gundem","category-manset","category-politika","category-son-dakika","tag-darbe","tag-genelkurmay","tag-genelkurmay-baskanligi","tag-paralel-yapi"],"acf":[],"_links":{"self":[{"href":"https:\/\/www.nationalturk.com\/tr\/wp-json\/wp\/v2\/posts\/229077","targetHints":{"allow":["GET"]}}],"collection":[{"href":"https:\/\/www.nationalturk.com\/tr\/wp-json\/wp\/v2\/posts"}],"about":[{"href":"https:\/\/www.nationalturk.com\/tr\/wp-json\/wp\/v2\/types\/post"}],"author":[{"embeddable":true,"href":"https:\/\/www.nationalturk.com\/tr\/wp-json\/wp\/v2\/users\/4"}],"replies":[{"embeddable":true,"href":"https:\/\/www.nationalturk.com\/tr\/wp-json\/wp\/v2\/comments?post=229077"}],"version-history":[{"count":0,"href":"https:\/\/www.nationalturk.com\/tr\/wp-json\/wp\/v2\/posts\/229077\/revisions"}],"wp:featuredmedia":[{"embeddable":true,"href":"https:\/\/www.nationalturk.com\/tr\/wp-json\/wp\/v2\/media\/229079"}],"wp:attachment":[{"href":"https:\/\/www.nationalturk.com\/tr\/wp-json\/wp\/v2\/media?parent=229077"}],"wp:term":[{"taxonomy":"category","embeddable":true,"href":"https:\/\/www.nationalturk.com\/tr\/wp-json\/wp\/v2\/categories?post=229077"},{"taxonomy":"post_tag","embeddable":true,"href":"https:\/\/www.nationalturk.com\/tr\/wp-json\/wp\/v2\/tags?post=229077"}],"curies":[{"name":"wp","href":"https:\/\/api.w.org\/{rel}","templated":true}]}}