{"id":229155,"date":"2016-04-01T10:35:40","date_gmt":"2016-04-01T07:35:40","guid":{"rendered":"http:\/\/www.nationalturk.com\/?p=229155"},"modified":"2016-04-01T10:35:40","modified_gmt":"2016-04-01T07:35:40","slug":"erdogan-ve-obama-50-dakika-gorustu","status":"publish","type":"post","link":"https:\/\/www.nationalturk.com\/tr\/erdogan-ve-obama-50-dakika-gorustu\/","title":{"rendered":"Erdo\u011fan ve Obama 50 dakika g\u00f6r\u00fc\u015ft\u00fc"},"content":{"rendered":"<h1>Cumhurba\u015fkan\u0131 Erdo\u011fan, Washington&#8217;daki ikili temaslar\u0131 kapsam\u0131nda ABD Ba\u015fkan\u0131 Obama ile g\u00f6r\u00fc\u015ft\u00fc.\u00a0Erdo\u011fan ve Obama&#8217;n\u0131n Beyaz Saray&#8217;daki ikili g\u00f6r\u00fc\u015fmesi yakla\u015f\u0131k 50 dakika s\u00fcrd\u00fc.<\/h1>\n<p>Cumhurba\u015fkan\u0131 Recep Tayyip Erdo\u011fan ile ABD Ba\u015fkan\u0131 Barack Obama aras\u0131ndaki g\u00f6r\u00fc\u015fmede b\u00f6lgesel g\u00fcvenlik, ter\u00f6rle m\u00fccadele ve m\u00fcltecilerle alakal\u0131 olarak T\u00fcrkiye-ABD aras\u0131ndaki i\u015fbirli\u011fi konusunun ele al\u0131nd\u0131\u011f\u0131 bildirildi.<\/p>\n<p>Cumhurba\u015fkanl\u0131\u011f\u0131ndan yap\u0131lan bas\u0131n a\u00e7\u0131klamas\u0131nda, Cumhurba\u015fkan\u0131 Erdo\u011fan ile Obama&#8217;n\u0131n Washington&#8217;daki N\u00fckleer G\u00fcvenlik Zirvesi \u00e7er\u00e7evesinde Beyaz Saray\u2019da ikili g\u00f6r\u00fc\u015fme ger\u00e7ekle\u015ftirdi\u011fi belirtildi.<\/p>\n<p>G\u00f6r\u00fc\u015fmede b\u00f6lgesel g\u00fcvenlik, ter\u00f6rle m\u00fccadele ve m\u00fcltecilerle alakal\u0131 olarak T\u00fcrkiye-ABD aras\u0131ndaki i\u015fbirli\u011fi konusunun ele al\u0131nd\u0131\u011f\u0131 bildirilen a\u00e7\u0131klamada, \u015funlar kaydedildi:<\/p>\n<p>&#8220;ABD Ba\u015fkan\u0131 Obama, \u015fahs\u0131 ve halk\u0131 ad\u0131na, Diyarbak\u0131r&#8217;daki ter\u00f6r sald\u0131r\u0131s\u0131nda hayatlar\u0131n\u0131 kaybedenler i\u00e7in taziye, yaral\u0131lar i\u00e7in de \u015fifa dileklerini ileterek, T\u00fcrkiye&#8217;nin g\u00fcvenli\u011fi ve ter\u00f6rizme kar\u015f\u0131 ortak m\u00fccadele hususundaki desteklerini teyit etmi\u015ftir. Cumhurba\u015fkan\u0131 Erdo\u011fan ve ABD Ba\u015fkan\u0131 Obama, DAE\u015e&#8217;i geriletme ve ortadan kald\u0131rmaya y\u00f6nelik ortak \u00e7abalar\u0131 daha art\u0131rmak i\u00e7in neler yap\u0131labilece\u011fi konusunu da ele alm\u0131\u015flard\u0131r.&#8221;<\/p>\n<!-- Error, Advert is not available at this time due to schedule\/geolocation restrictions! -->\n","protected":false},"excerpt":{"rendered":"<p>Cumhurba\u015fkan\u0131 Erdo\u011fan, Washington&#8217;daki ikili temaslar\u0131 kapsam\u0131nda ABD Ba\u015fkan\u0131 Obama ile g\u00f6r\u00fc\u015ft\u00fc.<br \/>\nErdo\u011fan ve Obama&#8217;n\u0131n Beyaz Saray&#8217;daki ikili g\u00f6r\u00fc\u015fmesi yakla\u015f\u0131k 50 dakika s\u00fcrd\u00fc.<\/p>\n","protected":false},"author":4,"featured_media":229157,"comment_status":"open","ping_status":"open","sticky":false,"template":"","format":"standard","meta":{"_acf_changed":false,"footnotes":""},"categories":[763],"tags":[1887,2509,35326,103816,21117,787],"class_list":["post-229155","post","type-post","status-publish","format-standard","has-post-thumbnail","hentry","category-gunun-olayi","tag-abd","tag-barack-obama","tag-erdogan-abd","tag-erdogan-obama","tag-erdogan-obama-gorusmesi","tag-recep-tayyip-erdogan"],"acf":[],"_links":{"self":[{"href":"https:\/\/www.nationalturk.com\/tr\/wp-json\/wp\/v2\/posts\/229155","targetHints":{"allow":["GET"]}}],"collection":[{"href":"https:\/\/www.nationalturk.com\/tr\/wp-json\/wp\/v2\/posts"}],"about":[{"href":"https:\/\/www.nationalturk.com\/tr\/wp-json\/wp\/v2\/types\/post"}],"author":[{"embeddable":true,"href":"https:\/\/www.nationalturk.com\/tr\/wp-json\/wp\/v2\/users\/4"}],"replies":[{"embeddable":true,"href":"https:\/\/www.nationalturk.com\/tr\/wp-json\/wp\/v2\/comments?post=229155"}],"version-history":[{"count":0,"href":"https:\/\/www.nationalturk.com\/tr\/wp-json\/wp\/v2\/posts\/229155\/revisions"}],"wp:featuredmedia":[{"embeddable":true,"href":"https:\/\/www.nationalturk.com\/tr\/wp-json\/wp\/v2\/media\/229157"}],"wp:attachment":[{"href":"https:\/\/www.nationalturk.com\/tr\/wp-json\/wp\/v2\/media?parent=229155"}],"wp:term":[{"taxonomy":"category","embeddable":true,"href":"https:\/\/www.nationalturk.com\/tr\/wp-json\/wp\/v2\/categories?post=229155"},{"taxonomy":"post_tag","embeddable":true,"href":"https:\/\/www.nationalturk.com\/tr\/wp-json\/wp\/v2\/tags?post=229155"}],"curies":[{"name":"wp","href":"https:\/\/api.w.org\/{rel}","templated":true}]}}