{"id":229169,"date":"2016-04-01T12:11:10","date_gmt":"2016-04-01T09:11:10","guid":{"rendered":"http:\/\/www.nationalturk.com\/?p=229169"},"modified":"2016-04-01T12:11:10","modified_gmt":"2016-04-01T09:11:10","slug":"yunanistandan-kadin-multecileri-korumak-icin-onlem","status":"publish","type":"post","link":"https:\/\/www.nationalturk.com\/tr\/yunanistandan-kadin-multecileri-korumak-icin-onlem\/","title":{"rendered":"Yunanistan&#8217;dan kad\u0131n m\u00fcltecileri korumak i\u00e7in \u00f6nlem"},"content":{"rendered":"<h1>Yunanistan Emniyet Genel M\u00fcd\u00fcrl\u00fc\u011f\u00fc \u00fclkedeki m\u00fclteci kad\u0131nlara y\u00f6nelik tecav\u00fcz, cinsel taciz ve genel anlamda her t\u00fcrl\u00fc \u015fiddet vakalar\u0131n\u0131n \u00f6n\u00fcne ge\u00e7ilmesi i\u00e7in \u00f6nlem ald\u0131.<\/h1>\n<p>Eleftheros Tipos gazetesinin haberine g\u00f6re 22 Mart 2016 tarihinde Emniyet Genel M\u00fcd\u00fcrl\u00fc\u011f\u00fc taraf\u0131ndan yay\u0131nlanan genelge \u201cg\u00f6\u00e7men ve m\u00fclteci kad\u0131nlar\u0131n korunmas\u0131 i\u00e7in haz\u0131rl\u0131k\u201d ba\u015fl\u0131\u011f\u0131n\u0131 ta\u015f\u0131yor. Son d\u00f6nemde \u00f6zellikle de tek ba\u015f\u0131na veya \u00e7ocuklar\u0131yla \u00fclkelerini terk ederek Yunanistan\u2019a s\u0131\u011f\u0131nan veya gelen m\u00fclteci ve g\u00f6\u00e7men kad\u0131nlara y\u00f6nelik \u015fiddet vakalar\u0131n\u0131n artt\u0131\u011f\u0131n\u0131n tespit edilmesiyle ek \u00f6nlemler al\u0131nmas\u0131na karar verildi\u011fi kaydediliyor.<\/p>\n<p>M\u00fclteci ve g\u00f6\u00e7men kad\u0131nlar\u0131 korumak i\u00e7in al\u0131nan \u00f6nlemlerin arkas\u0131nda ise \u201c\u015fiddete veya cinsel istismara maruz kalan m\u00fclteci kad\u0131nlar\u0131n geldikleri \u00fclkelerdeki farkl\u0131 k\u00fclt\u00fcr anlay\u0131\u015f\u0131 nedeniyle bu vakalardan \u015fik\u00e2yet\u00e7i olamamalar\u0131 ve dolay\u0131s\u0131yla korku ve sindirmenin hakim olmas\u0131\u201d ger\u00e7e\u011fi yat\u0131yor.<\/p>\n<p>Yunanistan\u2019da m\u00fclteci kad\u0131nlar\u0131n cinsel taciz veya tecav\u00fcze maruz kald\u0131\u011f\u0131 y\u00f6n\u00fcnde bilgiler olsa da bug\u00fcne kadar polise bu konuyla ilgili \u015fik\u00e2yette bulunan\u0131n olmad\u0131\u011f\u0131n\u0131n alt\u0131 \u00e7iziliyor.<\/p>\n<!-- Error, Advert is not available at this time due to schedule\/geolocation restrictions! -->\n","protected":false},"excerpt":{"rendered":"<p>Yunanistan Emniyet Genel M\u00fcd\u00fcrl\u00fc\u011f\u00fc \u00fclkedeki m\u00fclteci kad\u0131nlara y\u00f6nelik tecav\u00fcz, cinsel taciz ve genel anlamda her t\u00fcrl\u00fc \u015fiddet vakalar\u0131n\u0131n \u00f6n\u00fcne ge\u00e7ilmesi i\u00e7in \u00f6nlem ald\u0131.<\/p>\n","protected":false},"author":4,"featured_media":229170,"comment_status":"open","ping_status":"open","sticky":false,"template":"","format":"standard","meta":{"_acf_changed":false,"footnotes":""},"categories":[6770,6665,5005,6662],"tags":[147297,1202],"class_list":["post-229169","post","type-post","status-publish","format-standard","has-post-thumbnail","hentry","category-avrupa","category-dunya","category-manset","category-yasam","tag-suriyeli-gocmenler","tag-yunanistan"],"acf":[],"_links":{"self":[{"href":"https:\/\/www.nationalturk.com\/tr\/wp-json\/wp\/v2\/posts\/229169","targetHints":{"allow":["GET"]}}],"collection":[{"href":"https:\/\/www.nationalturk.com\/tr\/wp-json\/wp\/v2\/posts"}],"about":[{"href":"https:\/\/www.nationalturk.com\/tr\/wp-json\/wp\/v2\/types\/post"}],"author":[{"embeddable":true,"href":"https:\/\/www.nationalturk.com\/tr\/wp-json\/wp\/v2\/users\/4"}],"replies":[{"embeddable":true,"href":"https:\/\/www.nationalturk.com\/tr\/wp-json\/wp\/v2\/comments?post=229169"}],"version-history":[{"count":0,"href":"https:\/\/www.nationalturk.com\/tr\/wp-json\/wp\/v2\/posts\/229169\/revisions"}],"wp:featuredmedia":[{"embeddable":true,"href":"https:\/\/www.nationalturk.com\/tr\/wp-json\/wp\/v2\/media\/229170"}],"wp:attachment":[{"href":"https:\/\/www.nationalturk.com\/tr\/wp-json\/wp\/v2\/media?parent=229169"}],"wp:term":[{"taxonomy":"category","embeddable":true,"href":"https:\/\/www.nationalturk.com\/tr\/wp-json\/wp\/v2\/categories?post=229169"},{"taxonomy":"post_tag","embeddable":true,"href":"https:\/\/www.nationalturk.com\/tr\/wp-json\/wp\/v2\/tags?post=229169"}],"curies":[{"name":"wp","href":"https:\/\/api.w.org\/{rel}","templated":true}]}}