{"id":229334,"date":"2016-04-04T14:02:55","date_gmt":"2016-04-04T11:02:55","guid":{"rendered":"http:\/\/www.nationalturk.com\/?p=229334"},"modified":"2016-04-04T17:02:19","modified_gmt":"2016-04-04T14:02:19","slug":"gulhane-parkinda-duvar-coktu-yaralilar-var","status":"publish","type":"post","link":"https:\/\/www.nationalturk.com\/tr\/gulhane-parkinda-duvar-coktu-yaralilar-var\/","title":{"rendered":"G\u00fclhane Park\u0131&#8217;nda duvar \u00e7\u00f6kt\u00fc, yaral\u0131lar var"},"content":{"rendered":"<h1>\u0130stanbul&#8217;da G\u00fclhane Park\u0131&#8217;nda bir \u00e7ay bah\u00e7esinin duvar\u0131 \u00e7\u00f6kt\u00fc.<\/h1>\n<p>Al\u0131nan ilk bilgilere g\u00f6re, park\u0131n Sarayburnu giri\u015findeki bir \u00e7ay bah\u00e7esinde toprak kaymas\u0131 sonucu duvar\u0131n \u00e7\u00f6kt\u00fc\u011f\u00fc ihbar\u0131 \u00fczerine olay yerine polis, itfaiye ve ambulans ekipleri sevk edildi.<\/p>\n<p>Olay yerine ula\u015fan ekipler, b\u00f6lgeyi kontrol alt\u0131na alarak \u00e7al\u0131\u015fma ba\u015flatt\u0131. G\u00f6\u00e7\u00fck alt\u0131nda kalanlar\u0131n olabilece\u011fi belirtiliyor.<\/p>\n<p>\u0130stanbul Valisi Vasip \u015eahin, G\u00fclhane Park\u0131&#8217;na gelerek g\u00f6\u00e7\u00fc\u011f\u00fcn meydana geldi\u011fi b\u00f6lgede incelemelerde bulundu. \u00c7\u0131k\u0131\u015fta gazetecilere a\u00e7\u0131klamalarda bulunan Vali \u015eahin, &#8220;Enkaz alt\u0131nda \u015fu anda 2 ki\u015fi g\u00f6r\u00fcn\u00fcyor. Ba\u015fka var m\u0131 yok mu onlar\u0131 ara\u015ft\u0131r\u0131yorlar. Bir tanesi yaral\u0131 \u015fu anda kurtar\u0131yorlar. Oradaki duvar\u0131n y\u0131k\u0131lmas\u0131 suretiyle olmu\u015f ama niye y\u0131k\u0131lm\u0131\u015f ara\u015ft\u0131r\u0131l\u0131yor. Buras\u0131 set \u00fcst\u00fc diye bilinen bir \u00e7ay bah\u00e7esinin bir b\u00f6l\u00fcm\u00fc. Arkada\u015flar incelemelerden sonar y\u0131k\u0131lma sebebini de ortaya \u00e7\u0131karacaklard\u0131r&#8221; ifadelerini kulland\u0131.<\/p>\n<!-- Error, Advert is not available at this time due to schedule\/geolocation restrictions! -->\n","protected":false},"excerpt":{"rendered":"<p>\u0130stanbul&#8217;da G\u00fclhane Park\u0131&#8217;nda bir \u00e7ay bah\u00e7esinin duvar\u0131 \u00e7\u00f6kt\u00fc.v<\/p>\n","protected":false},"author":4,"featured_media":229335,"comment_status":"open","ping_status":"open","sticky":false,"template":"","format":"standard","meta":{"_acf_changed":false,"footnotes":""},"categories":[6155,349],"tags":[126602,203901,203902,126599,173081],"class_list":["post-229334","post","type-post","status-publish","format-standard","has-post-thumbnail","hentry","category-gundem","category-son-dakika","tag-gulhane","tag-gulhane-cay-bahcesi","tag-gulhane-duvar-coktu","tag-gulhane-parki","tag-vasip-sahin"],"acf":[],"_links":{"self":[{"href":"https:\/\/www.nationalturk.com\/tr\/wp-json\/wp\/v2\/posts\/229334","targetHints":{"allow":["GET"]}}],"collection":[{"href":"https:\/\/www.nationalturk.com\/tr\/wp-json\/wp\/v2\/posts"}],"about":[{"href":"https:\/\/www.nationalturk.com\/tr\/wp-json\/wp\/v2\/types\/post"}],"author":[{"embeddable":true,"href":"https:\/\/www.nationalturk.com\/tr\/wp-json\/wp\/v2\/users\/4"}],"replies":[{"embeddable":true,"href":"https:\/\/www.nationalturk.com\/tr\/wp-json\/wp\/v2\/comments?post=229334"}],"version-history":[{"count":0,"href":"https:\/\/www.nationalturk.com\/tr\/wp-json\/wp\/v2\/posts\/229334\/revisions"}],"wp:featuredmedia":[{"embeddable":true,"href":"https:\/\/www.nationalturk.com\/tr\/wp-json\/wp\/v2\/media\/229335"}],"wp:attachment":[{"href":"https:\/\/www.nationalturk.com\/tr\/wp-json\/wp\/v2\/media?parent=229334"}],"wp:term":[{"taxonomy":"category","embeddable":true,"href":"https:\/\/www.nationalturk.com\/tr\/wp-json\/wp\/v2\/categories?post=229334"},{"taxonomy":"post_tag","embeddable":true,"href":"https:\/\/www.nationalturk.com\/tr\/wp-json\/wp\/v2\/tags?post=229334"}],"curies":[{"name":"wp","href":"https:\/\/api.w.org\/{rel}","templated":true}]}}