{"id":229343,"date":"2016-04-04T15:46:55","date_gmt":"2016-04-04T12:46:55","guid":{"rendered":"http:\/\/www.nationalturk.com\/?p=229343"},"modified":"2016-04-04T15:46:55","modified_gmt":"2016-04-04T12:46:55","slug":"arda-veya-baskasi-kim-girerse-aynisi-olurdu","status":"publish","type":"post","link":"https:\/\/www.nationalturk.com\/tr\/arda-veya-baskasi-kim-girerse-aynisi-olurdu\/","title":{"rendered":"&#8220;Arda veya ba\u015fkas\u0131, kim girerse ayn\u0131s\u0131 olurdu&#8221;"},"content":{"rendered":"<h1>Barcelona teknik direkt\u00f6r\u00fc Luis Enrique, Real Madrid ma\u00e7\u0131n\u0131n 74. dakikas\u0131nda oyuna girdikten sonra bekleneni veremedi\u011fi gerek\u00e7esiyle \u0130spanyol bas\u0131n\u0131 taraf\u0131ndan ele\u015ftirilen Arda Turan&#8217;a destek verdi.<\/h1>\n<p>Enrique, yar\u0131n Atletico Madrid&#8217;le Camp Nou&#8217;da oynayacaklar\u0131 UEFA \u015eampiyonlar Ligi \u00e7eyrek final ilk ma\u00e7\u0131 \u00f6ncesinde bas\u0131n toplant\u0131s\u0131 d\u00fczenledi.<\/p>\n<p>\u0130spanyol \u00e7al\u0131\u015ft\u0131r\u0131c\u0131, milli futbolcu Arda Turan ile ilgili y\u00f6neltilen soruya, &#8220;Arda veya ba\u015fkas\u0131, o anda oyuna kim girerse girsin ayn\u0131s\u0131 olurdu. \u0130nsan\u0131z ve hata yapabiliriz. Ma\u00e7\u0131n en k\u00f6t\u00fc an\u0131nda oyuna girdi ve o anda kim oyuna girerse girsin \u00f6nemli de\u011fildi. Olaylar\u0131 kabul edip, de\u011ferlendirmesini iyi yap\u0131p kendimizi geli\u015ftirmeliyiz. Arda&#8217;n\u0131n veriminden memnunum.&#8221; yan\u0131t\u0131n\u0131 verdi.<\/p>\n<p>Enrique ayr\u0131ca, Atletico Madrid&#8217;in \u00e7ok zor bir rakip oldu\u011funu vurgulayarak, &#8220;Atletico \u00e7ok \u00fcst d\u00fczey bir tak\u0131m. Ekonomik olarak bizimle ya da Real Madrid ile ayn\u0131 kapasiteye sahip olmamas\u0131na ra\u011fmen ayn\u0131 rekabeti yapabiliyor. Sahan\u0131n her yerinde \u00e7ok iyi oynuyorlar. Defansta iyi kapan\u0131yorlar, h\u00fccumda pres yapabiliyorlar. Hedefimiz ma\u00e7\u0131 kazanmak. E\u011fer bunu gol yemeden yapabilirsek \u00e7ok daha iyi olur. \u00c7\u00fcnk\u00fc r\u00f6van\u015f kar\u015f\u0131la\u015fmas\u0131 \u00e7ok zor olacak.&#8221; diye konu\u015ftu.<\/p>\n<p>Barcelonal\u0131 defans oyuncusu Gerard Pique ise &#8220;Atletico Madrid lig 2&#8217;ncisi. O y\u00fczden Real Madrid kar\u015f\u0131la\u015fmas\u0131ndan daha zor bir ma\u00e7 oynayaca\u011f\u0131z. Tur \u015fans\u0131 her iki tak\u0131m i\u00e7in de e\u015fit gibi g\u00f6r\u00fclse de az farkla favoriyiz. Hedefleri y\u00fcksek bir tak\u0131m\u0131z. Ge\u00e7ti\u011fimiz cumartesi g\u00fcnk\u00fc gibi k\u00f6t\u00fc bir ma\u00e7tan sonra sal\u0131 g\u00fcn\u00fc hemen ma\u00e7 yapmay\u0131 hepimiz \u00e7ok istiyoruz. Sahada her \u015feyimizi vermek ve t\u00fcm kupalar\u0131 kazanan bir kul\u00fcp oldu\u011fumuzu g\u00f6stermek i\u00e7in hepimiz \u00e7ok arzuluyuz.&#8221; de\u011ferlendirmesinde bulundu.<\/p>\n<p>Pique, &#8220;Benim i\u00e7in Real Madrid ma\u00e7\u0131 unutuldu. \u00d6nemli olan lig ve \u015eampiyonlar Ligi&#8217;ni kazanmak. Ligi kazanaca\u011f\u0131m\u0131za da eminim.&#8221; yorumunu yapt\u0131.<\/p>\n<!-- Error, Advert is not available at this time due to schedule\/geolocation restrictions! -->\n","protected":false},"excerpt":{"rendered":"<p>Barcelona teknik direkt\u00f6r\u00fc Luis Enrique, Real Madrid ma\u00e7\u0131n\u0131n 74. dakikas\u0131nda oyuna girdikten sonra bekleneni veremedi\u011fi gerek\u00e7esiyle \u0130spanyol bas\u0131n\u0131 taraf\u0131ndan ele\u015ftirilen Arda Turan&#8217;a destek verdi.<\/p>\n","protected":false},"author":4,"featured_media":229344,"comment_status":"open","ping_status":"open","sticky":false,"template":"","format":"standard","meta":{"_acf_changed":false,"footnotes":""},"categories":[6774,5005,6194],"tags":[6335,7932,1038,10425,161189,200601,200602],"class_list":["post-229343","post","type-post","status-publish","format-standard","has-post-thumbnail","hentry","category-futbol","category-manset","category-spor","tag-arda-turan","tag-atletico-madrid","tag-barcelona","tag-barcelona-real-madrid","tag-luis-enrique","tag-luis-enrique-arda","tag-luis-enrique-arda-turan"],"acf":[],"_links":{"self":[{"href":"https:\/\/www.nationalturk.com\/tr\/wp-json\/wp\/v2\/posts\/229343","targetHints":{"allow":["GET"]}}],"collection":[{"href":"https:\/\/www.nationalturk.com\/tr\/wp-json\/wp\/v2\/posts"}],"about":[{"href":"https:\/\/www.nationalturk.com\/tr\/wp-json\/wp\/v2\/types\/post"}],"author":[{"embeddable":true,"href":"https:\/\/www.nationalturk.com\/tr\/wp-json\/wp\/v2\/users\/4"}],"replies":[{"embeddable":true,"href":"https:\/\/www.nationalturk.com\/tr\/wp-json\/wp\/v2\/comments?post=229343"}],"version-history":[{"count":0,"href":"https:\/\/www.nationalturk.com\/tr\/wp-json\/wp\/v2\/posts\/229343\/revisions"}],"wp:featuredmedia":[{"embeddable":true,"href":"https:\/\/www.nationalturk.com\/tr\/wp-json\/wp\/v2\/media\/229344"}],"wp:attachment":[{"href":"https:\/\/www.nationalturk.com\/tr\/wp-json\/wp\/v2\/media?parent=229343"}],"wp:term":[{"taxonomy":"category","embeddable":true,"href":"https:\/\/www.nationalturk.com\/tr\/wp-json\/wp\/v2\/categories?post=229343"},{"taxonomy":"post_tag","embeddable":true,"href":"https:\/\/www.nationalturk.com\/tr\/wp-json\/wp\/v2\/tags?post=229343"}],"curies":[{"name":"wp","href":"https:\/\/api.w.org\/{rel}","templated":true}]}}