{"id":230048,"date":"2016-04-15T09:37:27","date_gmt":"2016-04-15T06:37:27","guid":{"rendered":"http:\/\/www.nationalturk.com\/?p=230048"},"modified":"2016-04-15T09:41:12","modified_gmt":"2016-04-15T06:41:12","slug":"sevilla-nisan-fuari-rengarenk-goruntulere-sahne-oluyor","status":"publish","type":"post","link":"https:\/\/www.nationalturk.com\/tr\/sevilla-nisan-fuari-rengarenk-goruntulere-sahne-oluyor\/","title":{"rendered":"Sevilla Nisan Fuar\u0131 rengarenk g\u00f6r\u00fcnt\u00fclere sahne oluyor"},"content":{"rendered":"<h1>Sevilla&#8217;da 169 y\u0131ll\u0131k k\u00fclt\u00fcrel ve ticari bir etkinlik olan Nisan Fuar\u0131, flamenko k\u0131yafetleri, danslar\u0131 ve s\u00fcsl\u00fc atl\u0131 arabalar\u0131yla bu y\u0131l da rengarenk ge\u00e7iyor<\/h1>\n<p>\u0130spanya&#8217;n\u0131n g\u00fcneyindeki End\u00fcl\u00fcs b\u00f6lgesinin turistik \u015fehirlerinden Sevilla&#8217;da 169 y\u0131ll\u0131k ge\u00e7mi\u015fe sahip &#8220;Feria Abril&#8221; (Nisan Fuar\u0131) panay\u0131r\u0131 y\u00f6re halk\u0131 i\u00e7in b\u00fcy\u00fck bir ekonomik katk\u0131, turistler i\u00e7in ise g\u00f6rsel bir \u015f\u00f6len olmaya devam ediyor.\u00a0Kent merkezinde 15 soka\u011fa yay\u0131lan geni\u015f bir alanda ger\u00e7ekle\u015fen ve 5 g\u00fcn s\u00fcren panay\u0131rda her zaman oldu\u011fu gibi flamenko k\u0131yafetli kad\u0131nlar, b\u00f6lgeye \u00f6zg\u00fc s\u00fcsl\u00fc at arabalar\u0131 ve bir flamenko t\u00fcr\u00fc olan &#8220;Sevillana&#8221; dans\u0131 \u00f6ne \u00e7\u0131kt\u0131.<\/p>\n<p><img loading=\"lazy\" decoding=\"async\" class=\"alignnone size-medium wp-image-230052\" src=\"http:\/\/www.nationalturk.com\/tr\/wp-content\/uploads\/2016\/04\/ispanya-festival-752x500.jpg\" alt=\"ispanya-festival\" width=\"752\" height=\"500\" title=\"\" srcset=\"https:\/\/www.nationalturk.com\/tr\/wp-content\/uploads\/2016\/04\/ispanya-festival-752x500.jpg 752w, https:\/\/www.nationalturk.com\/tr\/wp-content\/uploads\/2016\/04\/ispanya-festival-1024x681.jpg 1024w, https:\/\/www.nationalturk.com\/tr\/wp-content\/uploads\/2016\/04\/ispanya-festival.jpg 1180w\" sizes=\"auto, (max-width: 752px) 100vw, 752px\" \/><\/p>\n<p>K\u00fclt\u00fcrel, ticari ve sosyal anlamda Sevilla&#8217;n\u0131n kalbinin att\u0131\u011f\u0131 Nisan Fuar\u0131&#8217;nda 19&#8217;u kamuya a\u00e7\u0131k toplam bin 51 tahta baraka haz\u0131rlan\u0131rken, \u00f6zel davetiyelerle girilen bu barakalara sahip olmak b\u00f6lge halk\u0131 aras\u0131nda &#8220;prestij ve sayg\u0131nl\u0131k&#8221; anlam\u0131na geliyor. \u00c7o\u011funlukta se\u00e7kin ailelere ve \u00f6nemli i\u015fadamlar\u0131na ait olan, \u00f6zel dans ve m\u00fczik g\u00f6sterilerin yap\u0131l\u0131p, yemeklerin verildi\u011fi barakalar\u0131n el de\u011fi\u015ftirmesi i\u00e7in 25 y\u0131ldan fazla s\u0131rada bekleyenlerin oldu\u011fu belirtiliyor.<\/p>\n<!-- Error, Advert is not available at this time due to schedule\/geolocation restrictions! -->\n<p><img loading=\"lazy\" decoding=\"async\" class=\"alignnone size-medium wp-image-230053\" src=\"http:\/\/www.nationalturk.com\/tr\/wp-content\/uploads\/2016\/04\/ispanya-sevilla-nisan-fuari-749x500.jpg\" alt=\"Sevilla Nisan Fuar\u0131\" width=\"749\" height=\"500\" title=\"\" srcset=\"https:\/\/www.nationalturk.com\/tr\/wp-content\/uploads\/2016\/04\/ispanya-sevilla-nisan-fuari-749x500.jpg 749w, https:\/\/www.nationalturk.com\/tr\/wp-content\/uploads\/2016\/04\/ispanya-sevilla-nisan-fuari-1024x684.jpg 1024w, https:\/\/www.nationalturk.com\/tr\/wp-content\/uploads\/2016\/04\/ispanya-sevilla-nisan-fuari.jpg 1180w\" sizes=\"auto, (max-width: 749px) 100vw, 749px\" \/><\/p>\n<p>Bu arada Nisan Fuar\u0131 etkinli\u011fi ayn\u0131 zamanda kent ekonomisine 700 milyon avro gibi ciddi bir katk\u0131 sa\u011fl\u0131yor. \u0130spanya i\u00e7inde i\u015fsizlik sorununun en a\u011f\u0131r ya\u015fand\u0131\u011f\u0131 yerlerden biri olan Sevilla&#8217;da halk, Nisan Fuar\u0131 etkinlikleri sayesinde ge\u00e7ici s\u00fcreli\u011fine olsa da i\u015f buluyor. Panay\u0131r s\u00fcresince Sevilla&#8217;daki otellerin doluluk oran\u0131n\u0131n y\u00fczde 90&#8217;a \u00e7\u0131kt\u0131\u011f\u0131 a\u00e7\u0131klan\u0131rken, b\u00f6lgenin yerel i\u00e7eceklerinden olan elma \u015farab\u0131ndan 5 g\u00fcnde 700 bin \u015fi\u015fe t\u00fcketildi\u011fi bildiriliyor.<\/p>\n<p>Ana kap\u0131s\u0131n\u0131 s\u00fcsleyen 212 bin adet renkli lamban\u0131n yak\u0131lmas\u0131yla 12 Nisan gecesi ba\u015flayan Nisan Fuar\u0131 panay\u0131r\u0131 17 Nisan sabah\u0131 sona erecek.<\/p>\n<!-- Error, Advert is not available at this time due to schedule\/geolocation restrictions! -->\n<p><strong>Photos: David Ramos\/Getty Images<\/strong><\/p>\n","protected":false},"excerpt":{"rendered":"<p>Sevilla&#8217;da 169 y\u0131ll\u0131k k\u00fclt\u00fcrel ve ticari bir etkinlik olan Nisan Fuar\u0131, flamenko k\u0131yafetleri, danslar\u0131 ve s\u00fcsl\u00fc atl\u0131 arabalar\u0131yla bu y\u0131l da rengarenk ge\u00e7iyor<\/p>\n","protected":false},"author":3,"featured_media":230054,"comment_status":"open","ping_status":"open","sticky":false,"template":"","format":"standard","meta":{"_acf_changed":false,"footnotes":""},"categories":[6665,6664,6666,6662],"tags":[155170,69225,15,3328,152152],"class_list":["post-230048","post","type-post","status-publish","format-standard","has-post-thumbnail","hentry","category-dunya","category-eglence","category-etkinlikler","category-yasam","tag-endulus","tag-festival","tag-ispanya","tag-sevilla","tag-sevilla-ispanya"],"acf":[],"_links":{"self":[{"href":"https:\/\/www.nationalturk.com\/tr\/wp-json\/wp\/v2\/posts\/230048","targetHints":{"allow":["GET"]}}],"collection":[{"href":"https:\/\/www.nationalturk.com\/tr\/wp-json\/wp\/v2\/posts"}],"about":[{"href":"https:\/\/www.nationalturk.com\/tr\/wp-json\/wp\/v2\/types\/post"}],"author":[{"embeddable":true,"href":"https:\/\/www.nationalturk.com\/tr\/wp-json\/wp\/v2\/users\/3"}],"replies":[{"embeddable":true,"href":"https:\/\/www.nationalturk.com\/tr\/wp-json\/wp\/v2\/comments?post=230048"}],"version-history":[{"count":0,"href":"https:\/\/www.nationalturk.com\/tr\/wp-json\/wp\/v2\/posts\/230048\/revisions"}],"wp:featuredmedia":[{"embeddable":true,"href":"https:\/\/www.nationalturk.com\/tr\/wp-json\/wp\/v2\/media\/230054"}],"wp:attachment":[{"href":"https:\/\/www.nationalturk.com\/tr\/wp-json\/wp\/v2\/media?parent=230048"}],"wp:term":[{"taxonomy":"category","embeddable":true,"href":"https:\/\/www.nationalturk.com\/tr\/wp-json\/wp\/v2\/categories?post=230048"},{"taxonomy":"post_tag","embeddable":true,"href":"https:\/\/www.nationalturk.com\/tr\/wp-json\/wp\/v2\/tags?post=230048"}],"curies":[{"name":"wp","href":"https:\/\/api.w.org\/{rel}","templated":true}]}}