{"id":230094,"date":"2016-04-15T14:42:58","date_gmt":"2016-04-15T11:42:58","guid":{"rendered":"http:\/\/www.nationalturk.com\/?p=230094"},"modified":"2016-04-15T14:42:58","modified_gmt":"2016-04-15T11:42:58","slug":"chpli-boke-gercek-issizlik-orani-yuzde-18-4","status":"publish","type":"post","link":"https:\/\/www.nationalturk.com\/tr\/chpli-boke-gercek-issizlik-orani-yuzde-18-4\/","title":{"rendered":"CHP&#8217;li B\u00f6ke: Ger\u00e7ek i\u015fsizlik oran\u0131 y\u00fczde 18.4"},"content":{"rendered":"<h1>CHP&#8217;li Selin Sayek B\u00f6ke, &#8220;\u0130\u015fsizler ordusunun g\u00f6r\u00fcnmeyen k\u0131sm\u0131n\u0131 da i\u015fsizlik hesaplamas\u0131na dahil edersek, T\u00fcrkiye&#8217;nin ger\u00e7ek i\u015fsizlik oran\u0131 y\u00fczde 18,4\u2019t\u00fcr&#8221; dedi.<\/h1>\n<p>CHP Genel Ba\u015fkan Yard\u0131mc\u0131s\u0131 ve Parti S\u00f6zc\u00fcs\u00fc Selin Sayek B\u00f6ke, T\u00fcrkiye&#8217;de 3 milyon 290 bin ki\u015finin i\u015fsiz oldu\u011funu belirterek, &#8220;Bununla da bitmiyor. Umudunu kaybetmi\u015f ve i\u015f aramaktan vazge\u00e7mi\u015f fakat i\u015f verildi\u011finde \u00e7al\u0131\u015fmaya haz\u0131r olan vatanda\u015flar\u0131m\u0131z\u0131n say\u0131s\u0131 ise 2 milyon 654 bin. Bu yurtta\u015flar\u0131m\u0131z i\u015fsizlik oran\u0131 \u00f6l\u00e7\u00fcm\u00fcnde hesaba kat\u0131lm\u0131yor. \u0130\u015fsizler ordusunun g\u00f6r\u00fcnmeyen k\u0131sm\u0131 olan bu grubu da i\u015fsizlik hesaplamas\u0131na dahil edersek T\u00fcrkiye\u2019nin ger\u00e7ek i\u015fsizlik oran\u0131 y\u00fczde 18,4\u2019t\u00fcr.&#8221; dedi.<\/p>\n<p>B\u00f6ke, i\u015fsizlik oranlar\u0131na ili\u015fkin yapt\u0131\u011f\u0131 yaz\u0131l\u0131 a\u00e7\u0131klamada, h\u00fck\u00fcmetin ekonomi politikalar\u0131n\u0131 ele\u015ftirdi.<\/p>\n<p>\u0130\u015fsizlik oran\u0131n\u0131n 2016 y\u0131l\u0131n\u0131n ilk ay\u0131nda ge\u00e7ti\u011fimiz y\u0131l\u0131n \u015eubat ay\u0131ndan sonra en y\u00fcksek seviyesine ula\u015farak y\u00fczde 11,1 oldu\u011funa dikkati \u00e7eken B\u00f6ke, bu oran\u0131n mevsim etkisinden ar\u0131nd\u0131r\u0131ld\u0131\u011f\u0131nda dahi \u00e7ift hanelerden kurtulamad\u0131\u011f\u0131n\u0131 ileri s\u00fcrd\u00fc.<\/p>\n<p>3 milyon 290 bin ki\u015finin i\u015fsiz oldu\u011funu aktaran B\u00f6ke, &#8220;Bununla da bitmiyor. Umudunu kaybetmi\u015f ve i\u015f aramaktan vazge\u00e7mi\u015f fakat i\u015f verildi\u011finde \u00e7al\u0131\u015fmaya haz\u0131r olan vatanda\u015flar\u0131m\u0131z\u0131n say\u0131s\u0131 ise 2 milyon 654 bin. Bu yurtta\u015flar\u0131m\u0131z i\u015fsizlik oran\u0131 \u00f6l\u00e7\u00fcm\u00fcnde hesaba kat\u0131lm\u0131yor. \u0130\u015fsizler ordusunun g\u00f6r\u00fcnmeyen k\u0131sm\u0131 olan bu grubu da i\u015fsizlik hesaplamas\u0131na dahil edersek T\u00fcrkiye\u2019nin ger\u00e7ek i\u015fsizlik oran\u0131 y\u00fczde 18,4\u2019t\u00fcr.&#8221; de\u011ferlendirmesinde bulundu.<\/p>\n<p>\u0130\u015eKUR verilerine g\u00f6re, kay\u0131tl\u0131 yakla\u015f\u0131k 1 milyon 770 bin i\u015fsiz i\u00e7erisinde yar\u0131m milyondan fazla ki\u015finin i\u015f arad\u0131\u011f\u0131n\u0131 kaydeden B\u00f6ke, \u015f\u00f6yle devam etti:<\/p>\n<p>&#8220;Do\u011fru istihdam politikalar\u0131 uygulanmad\u0131\u011f\u0131 takdirde bu vatanda\u015flar\u0131m\u0131z\u0131n umudunu kaybetmesi ve i\u015fg\u00fcc\u00fcnden ayr\u0131lmas\u0131 da an meselesi. Her 5 gencimizden 1&#8217;i i\u015f bulam\u0131yor. T\u00fcrkiye gibi n\u00fcfusunun b\u00fcy\u00fck \u00e7o\u011funlu\u011fu gen\u00e7lerden olu\u015fan bir \u00fclkede gen\u00e7 i\u015fsizli\u011fin bu kadar y\u00fcksek olmas\u0131n\u0131n ekonomik ve sosyal maliyetleri de benzer \u00fclkelere k\u0131yasla \u00e7ok daha fazla. AKP iktidar\u0131, gen\u00e7lerimizin \u00fczerinde ya\u015fad\u0131\u011f\u0131m\u0131z topraklara \u00fcretimle katk\u0131 sunacaklar\u0131 i\u015f imkanlar\u0131n\u0131 yaratmak yerine onlar\u0131 her alanda bask\u0131 alt\u0131na al\u0131p i\u015fsiz ve a\u00e7 b\u0131rak\u0131yor.<\/p>\n<p>Ayr\u0131ca, en az lise seviyesinde e\u011fitim alm\u0131\u015f insanlar\u0131n y\u00fczde 11,2\u2019si i\u015f bulam\u0131yor. \u0130\u015eKUR\u2019a kay\u0131tl\u0131 800 binden fazla lise ve \u00fczeri diplomaya sahip vatanda\u015f\u0131m\u0131z aras\u0131ndan yakla\u015f\u0131k 290 bini ise 1 y\u0131ldan fazla bir s\u00fcredir i\u015f aramakta. \u00dclkemiz i\u00e7in daha y\u00fcksek katma de\u011fer yaratabilme amac\u0131yla y\u0131llar\u0131n\u0131 e\u011fitime ay\u0131ran p\u0131r\u0131l p\u0131r\u0131l gen\u00e7lerimiz, maalesef niteliklerini yans\u0131tabilecekleri bir i\u015f bulam\u0131yor ve bu nedenle hayata ve \u00fclkeye olan inan\u00e7lar\u0131n\u0131 zamanla kaybediyor. Di\u011fer taraftan, e\u011fitim i\u00e7in kamunun ve bireylerin y\u0131llar boyunca ger\u00e7ekle\u015ftirdikleri harcamalar da bu gen\u00e7lerimiz i\u015f bulamad\u0131\u011f\u0131 s\u00fcrece heba oluyor.&#8221;<\/p>\n<p>B\u00f6ke, i\u015fsizli\u011fi d\u00fc\u015f\u00fcrmek ve \u00f6zellikle de e\u011fitimli gen\u00e7lerin i\u015f bulmas\u0131n\u0131 sa\u011flamak i\u00e7in, T\u00fcrkiye&#8217;nin be\u015feri ve fiziksel sermayeye dayal\u0131, y\u00fcksek teknolojili, istihdam ve y\u00fcksek katma de\u011ferli \u00fcretim yarat\u0131c\u0131 reel iktisadi politikalara acilen ihtiyac\u0131 oldu\u011funu belirtti.<\/p>\n<!-- Error, Advert is not available at this time due to schedule\/geolocation restrictions! -->\n","protected":false},"excerpt":{"rendered":"<p>CHP&#8217;li Selin Sayek B\u00f6ke, &#8220;\u0130\u015fsizler ordusunun g\u00f6r\u00fcnmeyen k\u0131sm\u0131n\u0131 da i\u015fsizlik hesaplamas\u0131na dahil edersek, T\u00fcrkiye&#8217;nin ger\u00e7ek i\u015fsizlik oran\u0131 y\u00fczde 18,4\u2019t\u00fcr&#8221; dedi.<\/p>\n","protected":false},"author":4,"featured_media":230100,"comment_status":"open","ping_status":"open","sticky":false,"template":"","format":"standard","meta":{"_acf_changed":false,"footnotes":""},"categories":[6199,6155,5005],"tags":[8723,12657,109869,187663,187664],"class_list":["post-230094","post","type-post","status-publish","format-standard","has-post-thumbnail","hentry","category-ekonomi","category-gundem","category-manset","tag-chp","tag-issizlik","tag-issizlik-orani","tag-selin-sayek-boke","tag-selin-sayek-boke-aciklama"],"acf":[],"_links":{"self":[{"href":"https:\/\/www.nationalturk.com\/tr\/wp-json\/wp\/v2\/posts\/230094","targetHints":{"allow":["GET"]}}],"collection":[{"href":"https:\/\/www.nationalturk.com\/tr\/wp-json\/wp\/v2\/posts"}],"about":[{"href":"https:\/\/www.nationalturk.com\/tr\/wp-json\/wp\/v2\/types\/post"}],"author":[{"embeddable":true,"href":"https:\/\/www.nationalturk.com\/tr\/wp-json\/wp\/v2\/users\/4"}],"replies":[{"embeddable":true,"href":"https:\/\/www.nationalturk.com\/tr\/wp-json\/wp\/v2\/comments?post=230094"}],"version-history":[{"count":0,"href":"https:\/\/www.nationalturk.com\/tr\/wp-json\/wp\/v2\/posts\/230094\/revisions"}],"wp:featuredmedia":[{"embeddable":true,"href":"https:\/\/www.nationalturk.com\/tr\/wp-json\/wp\/v2\/media\/230100"}],"wp:attachment":[{"href":"https:\/\/www.nationalturk.com\/tr\/wp-json\/wp\/v2\/media?parent=230094"}],"wp:term":[{"taxonomy":"category","embeddable":true,"href":"https:\/\/www.nationalturk.com\/tr\/wp-json\/wp\/v2\/categories?post=230094"},{"taxonomy":"post_tag","embeddable":true,"href":"https:\/\/www.nationalturk.com\/tr\/wp-json\/wp\/v2\/tags?post=230094"}],"curies":[{"name":"wp","href":"https:\/\/api.w.org\/{rel}","templated":true}]}}