{"id":230472,"date":"2016-04-22T18:09:21","date_gmt":"2016-04-22T15:09:21","guid":{"rendered":"http:\/\/www.nationalturk.com\/?p=230472"},"modified":"2016-04-22T18:09:21","modified_gmt":"2016-04-22T15:09:21","slug":"mhpde-davetiyeler-gonderildi","status":"publish","type":"post","link":"https:\/\/www.nationalturk.com\/tr\/mhpde-davetiyeler-gonderildi\/","title":{"rendered":"MHP&#8217;de davetiyeler g\u00f6nderildi"},"content":{"rendered":"<h1>MHP&#8217;de \u00c7a\u011fr\u0131 Heyeti, \u00fcst kurul delegelerine ola\u011fan\u00fcst\u00fc kongre davetiyelerini g\u00f6nderdi.<\/h1>\n<p>\u00c7a\u011fr\u0131 Heyeti, yaz\u0131l\u0131 a\u00e7\u0131klamas\u0131nda, Siyasi Partiler Kanunu ve MHP parti t\u00fcz\u00fc\u011f\u00fc gere\u011fi noter arac\u0131l\u0131\u011f\u0131yla il ba\u015fkanl\u0131klar\u0131 ve genel merkeze davetiyelerin g\u00f6nderildi\u011fini, ayr\u0131ca \u00c7ankaya \u0130l\u00e7e Se\u00e7im Kuruluna da m\u00fcracaat\u0131n yap\u0131ld\u0131\u011f\u0131n\u0131 bildirdi.<\/p>\n<p>A\u00e7\u0131klamada, MHP Ola\u011fan\u00fcst\u00fc Kongresi&#8217;nin, 15 May\u0131s 2016 Pazar g\u00fcn\u00fc Anadolu Hotels Downtown Ankara-Esenbo\u011fa Kongre ve K\u00fclt\u00fcr Tesisi&#8217;nde salon imkanlar\u0131 do\u011frultusunda davetlilerin kat\u0131l\u0131m\u0131 ile yap\u0131laca\u011f\u0131 belirtildi.<\/p>\n<p>A\u00e7\u0131klamada, &#8220;\u00c7a\u011fr\u0131 Heyeti s\u0131fat\u0131 d\u0131\u015f\u0131nda yapt\u0131klar\u0131 ve yapacaklar\u0131 a\u00e7\u0131klamalar d\u0131\u015f\u0131ndaki a\u00e7\u0131klama ve beyanlara itibar edilmemesi&#8221; de istendi.<\/p>\n<!-- Error, Advert is not available at this time due to schedule\/geolocation restrictions! -->\n","protected":false},"excerpt":{"rendered":"<p>MHP&#8217;de \u00c7a\u011fr\u0131 Heyeti, \u00fcst kurul delegelerine ola\u011fan\u00fcst\u00fc kongre davetiyelerini g\u00f6nderdi.<\/p>\n","protected":false},"author":4,"featured_media":230473,"comment_status":"open","ping_status":"open","sticky":false,"template":"","format":"standard","meta":{"_acf_changed":false,"footnotes":""},"categories":[6155,5005,6202,349],"tags":[204542,10829,204543,186906,114778,114777,204378,204086],"class_list":["post-230472","post","type-post","status-publish","format-standard","has-post-thumbnail","hentry","category-gundem","category-manset","category-politika","category-son-dakika","tag-cagri-heyeti","tag-mhp","tag-mhp-cagri-heyeti","tag-mhp-kongre","tag-mhp-kurultay","tag-mhp-kurultayi","tag-mhp-olaganustu-kongre","tag-mhp-olaganustu-kurultay"],"acf":[],"_links":{"self":[{"href":"https:\/\/www.nationalturk.com\/tr\/wp-json\/wp\/v2\/posts\/230472","targetHints":{"allow":["GET"]}}],"collection":[{"href":"https:\/\/www.nationalturk.com\/tr\/wp-json\/wp\/v2\/posts"}],"about":[{"href":"https:\/\/www.nationalturk.com\/tr\/wp-json\/wp\/v2\/types\/post"}],"author":[{"embeddable":true,"href":"https:\/\/www.nationalturk.com\/tr\/wp-json\/wp\/v2\/users\/4"}],"replies":[{"embeddable":true,"href":"https:\/\/www.nationalturk.com\/tr\/wp-json\/wp\/v2\/comments?post=230472"}],"version-history":[{"count":0,"href":"https:\/\/www.nationalturk.com\/tr\/wp-json\/wp\/v2\/posts\/230472\/revisions"}],"wp:featuredmedia":[{"embeddable":true,"href":"https:\/\/www.nationalturk.com\/tr\/wp-json\/wp\/v2\/media\/230473"}],"wp:attachment":[{"href":"https:\/\/www.nationalturk.com\/tr\/wp-json\/wp\/v2\/media?parent=230472"}],"wp:term":[{"taxonomy":"category","embeddable":true,"href":"https:\/\/www.nationalturk.com\/tr\/wp-json\/wp\/v2\/categories?post=230472"},{"taxonomy":"post_tag","embeddable":true,"href":"https:\/\/www.nationalturk.com\/tr\/wp-json\/wp\/v2\/tags?post=230472"}],"curies":[{"name":"wp","href":"https:\/\/api.w.org\/{rel}","templated":true}]}}