{"id":230573,"date":"2016-04-25T15:54:49","date_gmt":"2016-04-25T12:54:49","guid":{"rendered":"http:\/\/www.nationalturk.com\/?p=230573"},"modified":"2016-04-25T16:07:53","modified_gmt":"2016-04-25T13:07:53","slug":"sigara-icenler-helallik-almali","status":"publish","type":"post","link":"https:\/\/www.nationalturk.com\/tr\/sigara-icenler-helallik-almali\/","title":{"rendered":"&#8220;Sigara i\u00e7enler helallik almal\u0131&#8221;"},"content":{"rendered":"<h1>Din \u0130\u015fleri Y\u00fcksek Kurulu \u00dcyesi Dr. Mehmet Canbulat, &#8216;\u0130\u00e7ti\u011finiz sigaran\u0131n duman\u0131 sigara i\u00e7meyen birini etkiliyorsa o ki\u015fiden helallik alman\u0131z gerekiyor&#8217; dedi.<\/h1>\n<p>Kamuya a\u00e7\u0131k bir alanda sigara i\u00e7enleri \u00fczecek a\u00e7\u0131klama Diyanet&#8217;ten geldi. \u00c7\u00fcnk\u00fc Diyanet&#8217;e g\u00f6re; i\u00e7ti\u011finiz sigaran\u0131n duman\u0131 sigara i\u00e7meyen birini etkiliyorsa o ki\u015fiden helallik alman\u0131z gerekiyor.<\/p>\n<p>Din \u0130\u015fleri Y\u00fcksek Kurulu \u00dcyesi Dr. Mehmet Canbulat &#8220;Binlerce ki\u015finin yan\u0131nda sigara i\u00e7en birini d\u00fc\u015f\u00fcn\u00fcn, o ki\u015fi bu insanlarla tek tek helalle\u015fmeli. \u00c7\u00fcnk\u00fc duman\u0131yla onlara zarar vermi\u015f oluyor&#8221; dedi.<\/p>\n<p>Canbulat, &#8220;Ben sigara i\u00e7erek kendime zarar verdi\u011fim i\u00e7in t\u00f6vbe isti\u011ffar etmeliyim ama size zarar veriyorsam ikinci bir boyut ortaya \u00e7\u0131k\u0131yor. Bu da kul hakk\u0131na girer. Bu durumda ben ahirette sorumlu olurum. Mutlaka sizinle helalle\u015fmem gerekiyor&#8221; dedi. (Habert\u00fcrk)<\/p>\n<!-- Error, Advert is not available at this time due to schedule\/geolocation restrictions! -->\n","protected":false},"excerpt":{"rendered":"<p>Din \u0130\u015fleri Y\u00fcksek Kurulu \u00dcyesi Dr. Mehmet Canbulat, &#8216;\u0130\u00e7ti\u011finiz sigaran\u0131n duman\u0131 sigara i\u00e7meyen birini etkiliyorsa o ki\u015fiden helallik alman\u0131z gerekiyor&#8217; dedi.<\/p>\n","protected":false},"author":4,"featured_media":230575,"comment_status":"open","ping_status":"open","sticky":false,"template":"","format":"standard","meta":{"_acf_changed":false,"footnotes":""},"categories":[5005,6669],"tags":[52198,39529,53515,5651],"class_list":["post-230573","post","type-post","status-publish","format-standard","has-post-thumbnail","hentry","category-manset","category-saglik","tag-diyanet","tag-diyanet-isleri","tag-diyanet-isleri-baskanligi","tag-sigara"],"acf":[],"_links":{"self":[{"href":"https:\/\/www.nationalturk.com\/tr\/wp-json\/wp\/v2\/posts\/230573","targetHints":{"allow":["GET"]}}],"collection":[{"href":"https:\/\/www.nationalturk.com\/tr\/wp-json\/wp\/v2\/posts"}],"about":[{"href":"https:\/\/www.nationalturk.com\/tr\/wp-json\/wp\/v2\/types\/post"}],"author":[{"embeddable":true,"href":"https:\/\/www.nationalturk.com\/tr\/wp-json\/wp\/v2\/users\/4"}],"replies":[{"embeddable":true,"href":"https:\/\/www.nationalturk.com\/tr\/wp-json\/wp\/v2\/comments?post=230573"}],"version-history":[{"count":0,"href":"https:\/\/www.nationalturk.com\/tr\/wp-json\/wp\/v2\/posts\/230573\/revisions"}],"wp:featuredmedia":[{"embeddable":true,"href":"https:\/\/www.nationalturk.com\/tr\/wp-json\/wp\/v2\/media\/230575"}],"wp:attachment":[{"href":"https:\/\/www.nationalturk.com\/tr\/wp-json\/wp\/v2\/media?parent=230573"}],"wp:term":[{"taxonomy":"category","embeddable":true,"href":"https:\/\/www.nationalturk.com\/tr\/wp-json\/wp\/v2\/categories?post=230573"},{"taxonomy":"post_tag","embeddable":true,"href":"https:\/\/www.nationalturk.com\/tr\/wp-json\/wp\/v2\/tags?post=230573"}],"curies":[{"name":"wp","href":"https:\/\/api.w.org\/{rel}","templated":true}]}}