{"id":230756,"date":"2016-04-28T11:07:29","date_gmt":"2016-04-28T08:07:29","guid":{"rendered":"http:\/\/www.nationalturk.com\/?p=230756"},"modified":"2016-04-28T11:07:30","modified_gmt":"2016-04-28T08:07:30","slug":"iphone-sifresini-nasil-kirdigini-aciklamayacak","status":"publish","type":"post","link":"https:\/\/www.nationalturk.com\/tr\/iphone-sifresini-nasil-kirdigini-aciklamayacak\/","title":{"rendered":"iPhone \u015fifresini nas\u0131l k\u0131rd\u0131\u011f\u0131n\u0131 a\u00e7\u0131klamayacak!"},"content":{"rendered":"<h1>ABD Federal Soru\u015fturma B\u00fcrosu (FBI), Aral\u0131k 2015&#8217;te ABD&#8217;nin San Bernardino kentinde ter\u00f6r sald\u0131r\u0131s\u0131 d\u00fczenleyen Seyid R\u0131dvan Faruk\u2019a ait iPhone&#8217;un \u015fifresinin nas\u0131l k\u0131r\u0131ld\u0131\u011f\u0131n\u0131 a\u00e7\u0131klamayacak.<\/h1>\n<p>FBI&#8217;dan yap\u0131lan a\u00e7\u0131klamada, kurumun telefona giri\u015f y\u00f6ntemini sat\u0131n ald\u0131\u011f\u0131, ancak bunun &#8220;y\u00f6ntemin nas\u0131l \u00e7al\u0131\u015ft\u0131\u011f\u0131 ve \u015fifreyi k\u0131rmak i\u00e7in yararlan\u0131lan Iphone&#8217;daki yaz\u0131l\u0131m a\u00e7\u0131\u011f\u0131n\u0131n yap\u0131s\u0131 ile kapsam\u0131na dair teknik detaylar\u0131 kapsamad\u0131\u011f\u0131&#8221; belirtildi.<\/p>\n<p>Kurumun bilgi ve teknoloji biriminden yetkili Amy Hess, &#8220;Bu s\u00fcre\u00e7, zorunlu olarak a\u00e7\u0131kla ilgili \u00f6nemli \u00f6l\u00e7\u00fcde teknik bilgi gerektiriyor. A\u00e7\u0131\u011f\u0131n yap\u0131s\u0131 ve boyutu hakk\u0131nda yeterli bilgi olmadan a\u00e7\u0131k giderilemez.&#8221; dedi.<\/p>\n<p>FBI Direkt\u00f6r\u00fc James Comey, ge\u00e7en hafta \u015fifrenin k\u0131r\u0131lmas\u0131 i\u00e7in kurumun 1 milyon dolardan fazla \u00f6deme yapt\u0131\u011f\u0131n\u0131 ve \u015fifreyi nas\u0131l k\u0131rd\u0131klar\u0131n\u0131n detaylar\u0131n\u0131 Apple ile payla\u015fma konusunda hen\u00fcz bir karara varmad\u0131klar\u0131n\u0131 a\u00e7\u0131klam\u0131\u015ft\u0131.<\/p>\n<p>FBI, \u015eubat ay\u0131nda teknoloji \u015firketi Apple&#8217;dan s\u00f6z konusu iPhone&#8217;un \u015fifresinin k\u0131r\u0131lmas\u0131yla ilgili yard\u0131m talep etmi\u015f, Apple bu eylemin d\u00fcnya genelindeki b\u00fct\u00fcn iPhone telefonlar\u0131 ve kullan\u0131c\u0131lar\u0131 i\u00e7in gizlilik haklar\u0131n\u0131n ihlali anlam\u0131na gelece\u011fi gerek\u00e7esiyle bu talebi reddetmi\u015fti. FBI, mart ay\u0131 sonunda s\u00f6z konusu Iphone&#8217;un \u015fifresinin Apple&#8217;\u0131n yard\u0131m\u0131 olmadan k\u0131r\u0131ld\u0131\u011f\u0131n\u0131 duyurmu\u015ftu.<\/p>\n<!-- Error, Advert is not available at this time due to schedule\/geolocation restrictions! -->\n","protected":false},"excerpt":{"rendered":"<p>ABD Federal Soru\u015fturma B\u00fcrosu (FBI), Aral\u0131k 2015&#8217;te ABD&#8217;nin San Bernardino kentinde ter\u00f6r sald\u0131r\u0131s\u0131 d\u00fczenleyen Seyid R\u0131dvan Faruk\u2019a ait iPhone&#8217;un \u015fifresinin nas\u0131l k\u0131r\u0131ld\u0131\u011f\u0131n\u0131 a\u00e7\u0131klamayacak.<\/p>\n","protected":false},"author":4,"featured_media":230757,"comment_status":"open","ping_status":"open","sticky":false,"template":"","format":"standard","meta":{"_acf_changed":false,"footnotes":""},"categories":[6768,6665,6155,5005,6224],"tags":[1887,27269],"class_list":["post-230756","post","type-post","status-publish","format-standard","has-post-thumbnail","hentry","category-amerika","category-dunya","category-gundem","category-manset","category-teknoloji","tag-abd","tag-fbi"],"acf":[],"_links":{"self":[{"href":"https:\/\/www.nationalturk.com\/tr\/wp-json\/wp\/v2\/posts\/230756","targetHints":{"allow":["GET"]}}],"collection":[{"href":"https:\/\/www.nationalturk.com\/tr\/wp-json\/wp\/v2\/posts"}],"about":[{"href":"https:\/\/www.nationalturk.com\/tr\/wp-json\/wp\/v2\/types\/post"}],"author":[{"embeddable":true,"href":"https:\/\/www.nationalturk.com\/tr\/wp-json\/wp\/v2\/users\/4"}],"replies":[{"embeddable":true,"href":"https:\/\/www.nationalturk.com\/tr\/wp-json\/wp\/v2\/comments?post=230756"}],"version-history":[{"count":0,"href":"https:\/\/www.nationalturk.com\/tr\/wp-json\/wp\/v2\/posts\/230756\/revisions"}],"wp:featuredmedia":[{"embeddable":true,"href":"https:\/\/www.nationalturk.com\/tr\/wp-json\/wp\/v2\/media\/230757"}],"wp:attachment":[{"href":"https:\/\/www.nationalturk.com\/tr\/wp-json\/wp\/v2\/media?parent=230756"}],"wp:term":[{"taxonomy":"category","embeddable":true,"href":"https:\/\/www.nationalturk.com\/tr\/wp-json\/wp\/v2\/categories?post=230756"},{"taxonomy":"post_tag","embeddable":true,"href":"https:\/\/www.nationalturk.com\/tr\/wp-json\/wp\/v2\/tags?post=230756"}],"curies":[{"name":"wp","href":"https:\/\/api.w.org\/{rel}","templated":true}]}}