{"id":230945,"date":"2016-05-02T16:02:43","date_gmt":"2016-05-02T13:02:43","guid":{"rendered":"http:\/\/www.nationalturk.com\/?p=230945"},"modified":"2016-05-02T16:04:54","modified_gmt":"2016-05-02T13:04:54","slug":"saray-kuaforune-8-bin-euro-maas","status":"publish","type":"post","link":"https:\/\/www.nationalturk.com\/tr\/saray-kuaforune-8-bin-euro-maas\/","title":{"rendered":"Saray kuaf\u00f6r\u00fcne 8 bin euro maa\u015f"},"content":{"rendered":"<h1>Elysee Saray\u0131&#8217;n\u0131n, Fransa Cumhurba\u015fkan\u0131 Fran\u00e7ois Hollande&#8217;\u0131n kuaf\u00f6r\u00fcne ayl\u0131k 25 bin 642 TL (8 bin avro) maa\u015f \u00f6dedi\u011fi \u00f6ne s\u00fcr\u00fcld\u00fc.<\/h1>\n<p>\u00dclkede, gazeteciler Aziz Zemouri ve Stephanie Marteau&#8217;nun Fransa Cumhurba\u015fkanl\u0131\u011f\u0131 saray\u0131na ili\u015fkin ortak kaleme ald\u0131klar\u0131, yak\u0131n zamanda piyasaya \u00e7\u0131kan &#8220;Elysee Off&#8221; isimli kitapta, Elysee Saray\u0131&#8217;ndaki \u00f6demelere ili\u015fkin ilgin\u00e7 bir iddia da yer ald\u0131.<\/p>\n<p>Zemouri ve Marteau, Hollande&#8217;\u0131n eski hayat arkada\u015f\u0131 Valeri Trierweiler ile birlikteli\u011fi zaman\u0131nda Elysee&#8217;de \u00e7al\u0131\u015fan kuaf\u00f6r\u00fcn ayl\u0131k maa\u015f\u0131n\u0131n 25 bin 642 T\u00fcrk liras\u0131 (8 bin avro) oldu\u011funu yazd\u0131.<\/p>\n<p>Kitapta, Elysee&#8217;de \u00e7al\u0131\u015fan eski bir g\u00f6revliye dayand\u0131r\u0131lan ifadelerde, sadece Hollande ve Trierweiler&#8217;e hizmet veren kuaf\u00f6r\u00fcn, maky\u00f6z\u00fcn aksine sarayda tam zamanl\u0131 \u00e7al\u0131\u015fmad\u0131\u011f\u0131 da belirtildi.<\/p>\n<p>Paris&#8217;te bir kuaf\u00f6r salonu i\u015fleten Olivier Benhamou isimli kuaf\u00f6r\u00fcn, Hollande ile Trierweiler arac\u0131l\u0131\u011f\u0131yla 2012&#8217;deki se\u00e7im kampanyas\u0131 s\u0131ras\u0131nda tan\u0131\u015ft\u0131\u011f\u0131 ve ard\u0131ndan Trierweiler&#8217;in iste\u011fiyle Elysee&#8217;de \u00e7al\u0131\u015fmaya ba\u015flad\u0131\u011f\u0131 kaydedildi.<\/p>\n<p>Benhamou&#8217;nun Elysee&#8217;deki i\u015fine Trierweiler&#8217;in saraydan ayr\u0131lmas\u0131n\u0131n ard\u0131ndan son verildi\u011fi de kitapta yer ald\u0131.<\/p>\n<!-- Error, Advert is not available at this time due to schedule\/geolocation restrictions! -->\n","protected":false},"excerpt":{"rendered":"<p>Elysee Saray\u0131&#8217;n\u0131n, Fransa Cumhurba\u015fkan\u0131 Fran\u00e7ois Hollande&#8217;\u0131n kuaf\u00f6r\u00fcne ayl\u0131k 25 bin 642 TL (8 bin avro) maa\u015f \u00f6dedi\u011fi \u00f6ne s\u00fcr\u00fcld\u00fc.<\/p>\n","protected":false},"author":4,"featured_media":230948,"comment_status":"open","ping_status":"open","sticky":false,"template":"","format":"standard","meta":{"_acf_changed":false,"footnotes":""},"categories":[6770,6665,6155,5005],"tags":[92241,94790,17,99326,12],"class_list":["post-230945","post","type-post","status-publish","format-standard","has-post-thumbnail","hentry","category-avrupa","category-dunya","category-gundem","category-manset","tag-elysee-sarayi","tag-francois-hollande","tag-fransa","tag-hollande","tag-paris"],"acf":[],"_links":{"self":[{"href":"https:\/\/www.nationalturk.com\/tr\/wp-json\/wp\/v2\/posts\/230945","targetHints":{"allow":["GET"]}}],"collection":[{"href":"https:\/\/www.nationalturk.com\/tr\/wp-json\/wp\/v2\/posts"}],"about":[{"href":"https:\/\/www.nationalturk.com\/tr\/wp-json\/wp\/v2\/types\/post"}],"author":[{"embeddable":true,"href":"https:\/\/www.nationalturk.com\/tr\/wp-json\/wp\/v2\/users\/4"}],"replies":[{"embeddable":true,"href":"https:\/\/www.nationalturk.com\/tr\/wp-json\/wp\/v2\/comments?post=230945"}],"version-history":[{"count":0,"href":"https:\/\/www.nationalturk.com\/tr\/wp-json\/wp\/v2\/posts\/230945\/revisions"}],"wp:featuredmedia":[{"embeddable":true,"href":"https:\/\/www.nationalturk.com\/tr\/wp-json\/wp\/v2\/media\/230948"}],"wp:attachment":[{"href":"https:\/\/www.nationalturk.com\/tr\/wp-json\/wp\/v2\/media?parent=230945"}],"wp:term":[{"taxonomy":"category","embeddable":true,"href":"https:\/\/www.nationalturk.com\/tr\/wp-json\/wp\/v2\/categories?post=230945"},{"taxonomy":"post_tag","embeddable":true,"href":"https:\/\/www.nationalturk.com\/tr\/wp-json\/wp\/v2\/tags?post=230945"}],"curies":[{"name":"wp","href":"https:\/\/api.w.org\/{rel}","templated":true}]}}