{"id":231062,"date":"2016-05-04T10:38:49","date_gmt":"2016-05-04T07:38:49","guid":{"rendered":"http:\/\/www.nationalturk.com\/?p=231062"},"modified":"2016-05-04T10:38:49","modified_gmt":"2016-05-04T07:38:49","slug":"gerekirse-kara-guclerimizi-suriyeye-gondeririz","status":"publish","type":"post","link":"https:\/\/www.nationalturk.com\/tr\/gerekirse-kara-guclerimizi-suriyeye-gondeririz\/","title":{"rendered":"&#8220;Gerekirse kara g\u00fc\u00e7lerimizi Suriye&#8217;ye g\u00f6ndeririz&#8221;"},"content":{"rendered":"<h1>Ba\u015fbakan Ahmet Davuto\u011flu &#8220;Kara g\u00fc\u00e7lerinizi Suriye\u2019ye g\u00f6ndermeyi d\u00fc\u015f\u00fcn\u00fcyor musunuz?&#8221; sorusuna &#8220;E\u011fer gerekiyorsa g\u00f6nderece\u011fiz. Kara g\u00fc\u00e7leri elzem duruma gelirse g\u00f6ndeririz&#8221; yan\u0131t\u0131n\u0131 verdi.<\/h1>\n<p>El Cezire&#8217;den Osman Ay Farah&#8217;\u0131n sorular\u0131n\u0131 yan\u0131tlayan Ba\u015fbakan Ahmet Davuto\u011flu, Suriye&#8217;ye kara operasyonuna ili\u015fkin a\u00e7\u0131klamalarda bulundu.<\/p>\n<p>Kendisine sorulan &#8220;Kara g\u00fc\u00e7lerinizi Suriye\u2019ye g\u00f6ndermeyi d\u00fc\u015f\u00fcn\u00fcyor musunuz? T\u00fcrkiye her zaman Suriye&#8217;de bir g\u00fcvenli b\u00f6lge istedi&#8221; sorusuna yan\u0131t veren Davuto\u011flu \u015funlar\u0131 s\u00f6yledi:<\/p>\n<p>E\u011fer gerekiyorsa g\u00f6nderece\u011fiz. Kara g\u00fc\u00e7leri elzem duruma gelirse g\u00f6ndeririz. Kendimizi m\u00fcdafaa etmek i\u00e7in gerek T\u00fcrkiye\u2019nin i\u00e7inde, gerek d\u0131\u015f\u0131nda her t\u00fcrl\u00fc tedbiri almaya haz\u0131r\u0131z.<\/p>\n<p>Davuto\u011flu&#8217;na sorulan sorular ve yan\u0131tlar\u0131 \u015fu \u015fekilde:<\/p>\n<p><strong>Kilis ve Urfa gibi T\u00fcrkiye kentlerine s\u0131k s\u0131k Suriye\u2019den f\u00fczeler gelmeye ba\u015flad\u0131. Bu sizin Suriye s\u0131n\u0131r\u0131yla ilgili politikan\u0131z\u0131 etkileyecek midir?<\/strong><\/p>\n<p>Hay\u0131r, bizim her zaman politikam\u0131z netti. Diplomasi yoluyla Suriye krizine bir siyasi \u00e7\u00f6z\u00fcm bulmakt\u0131. Esed\u2019in me\u015fruiyetini asla kabul etmeyece\u011fiz. \u00c7\u00fcnk\u00fc o h\u00e2l\u00e2 halk\u0131n\u0131 \u00f6ld\u00fcrmeye devam ediyor. 3 milyon Suriyeliyi T\u00fcrkiye\u2019ye g\u00f6\u00e7 etmeye zorlad\u0131. Dolay\u0131s\u0131yla b\u00f6yle bir h\u00fck\u00fcmetin me\u015fruiyetinden s\u00f6z etmek m\u00fcmk\u00fcn de\u011fil. I\u015e\u0130D ile ilgili ise, Kilis\u2019e roket atmaya devam ettikleri s\u00fcrece onlar\u0131 hedef alaca\u011f\u0131z. Asl\u0131nda hi\u00e7bir \u00fclke T\u00fcrkiye kadar I\u015e\u0130D ile m\u00fccadele etmedi. I\u015e\u0130D\u2019in s\u0131n\u0131r\u0131m\u0131zda olmas\u0131n\u0131 istemiyoruz. Il\u0131ml\u0131 Suriyeli g\u00fc\u00e7leri I\u015e\u0130D\u2019e kar\u015f\u0131 destekleyece\u011fiz. Bu askeri destek ve askeri \u00f6nlemler devam edecek.<\/p>\n<p><strong>Kara g\u00fc\u00e7lerinizi Suriye\u2019ye g\u00f6ndermeyi d\u00fc\u015f\u00fcn\u00fcyor musunuz? T\u00fcrkiye her zaman Suriye&#8217;de bir g\u00fcvenli b\u00f6lge istedi.<\/strong><\/p>\n<p>E\u011fer gerekiyorsa g\u00f6nderece\u011fiz. Kara g\u00fc\u00e7leri elzem duruma gelirse g\u00f6ndeririz. Kendimizi m\u00fcdafaa etmek i\u00e7in gerek T\u00fcrkiye\u2019nin i\u00e7inde, gerek d\u0131\u015f\u0131nda her t\u00fcrl\u00fc tedbiri almaya haz\u0131r\u0131z.<\/p>\n<p><strong>Uluslararas\u0131 destek olmasa bile g\u00f6nderir misiniz?<\/strong><\/p>\n<p>Asl\u0131nda BM taraf\u0131ndan al\u0131nan \u00e7ok say\u0131da karar var I\u015e\u0130D ile m\u00fccadele konusunda. Dolay\u0131s\u0131yla gerek nefsi m\u00fcdafaa, gerek I\u015e\u0130D ya da di\u011fer ter\u00f6r gruplar\u0131 ile m\u00fccadele perspektifinden bu kararlar \u015fimdiden bize me\u015fruiyet sa\u011fl\u0131yor. Ancak biz yine de bir uluslararas\u0131 mut\u00e2bakat\u0131 tercih ederiz. \u00c7\u00fcnk\u00fc I\u015e\u0130D t\u00fcm d\u00fcnyay\u0131 ilgilendiren bir konu.<\/p>\n<p><strong>Yaln\u0131z, E\u011fer T\u00fcrkiye Suriye\u2019deki T\u00fcrkmen b\u00f6lgelerine girerse, ki Rusya\u2019n\u0131n buna kar\u015f\u0131 \u00e7\u0131kaca\u011f\u0131n\u0131 biliyoruz, Rusya\u2019n\u0131n T\u00fcrk g\u00fc\u00e7lerini havadan vuraca\u011f\u0131 bir senaryoyla kar\u015f\u0131la\u015fabilir miyiz ?<\/strong><\/p>\n<p>Bu senaryo do\u011fru de\u011fil. Bu toprak Rus topra\u011f\u0131 de\u011fil. Rusya, BM\u2019nin daimi \u00fcyelerinden biri. Az \u00f6nce anlatt\u0131\u011f\u0131m gibi BM\u2019nin I\u015e\u0130D ile m\u00fccadele konusundaki kararlar\u0131 ortada. Burada topra\u011f\u0131m\u0131z\u0131n tehdit alt\u0131nda olmas\u0131 s\u00f6z konusu. Biz Rusya dahil hi\u00e7bir \u00fclkeyi kar\u015f\u0131m\u0131za almak istemiyoruz. Ge\u00e7mi\u015fte iyi ili\u015fkimiz vard\u0131. Onlarla gelecekte de iyi ili\u015fkilerimiz olsun istiyoruz. Ancak s\u00f6z konusu ulusal g\u00fcvenli\u011fimiz oldu\u011funda gereken her t\u00fcrl\u00fc tedbiri al\u0131r\u0131z. Burada I\u015e\u0130D\u2019in tehtidiyle kar\u015f\u0131 kar\u015f\u0131ya olan Rusya de\u011fil, T\u00fcrkiye.<\/p>\n<!-- Error, Advert is not available at this time due to schedule\/geolocation restrictions! -->\n","protected":false},"excerpt":{"rendered":"<p>Ba\u015fbakan Ahmet Davuto\u011flu &#8220;Kara g\u00fc\u00e7lerinizi Suriye\u2019ye g\u00f6ndermeyi d\u00fc\u015f\u00fcn\u00fcyor musunuz?&#8221; sorusuna &#8220;E\u011fer gerekiyorsa g\u00f6nderece\u011fiz. Kara g\u00fc\u00e7leri elzem duruma gelirse g\u00f6ndeririz&#8221; yan\u0131t\u0131n\u0131 verdi.<\/p>\n","protected":false},"author":4,"featured_media":231063,"comment_status":"open","ping_status":"open","sticky":false,"template":"","format":"standard","meta":{"_acf_changed":false,"footnotes":""},"categories":[6155,5005,6202],"tags":[8773,57375,46208,57585,806],"class_list":["post-231062","post","type-post","status-publish","format-standard","has-post-thumbnail","hentry","category-gundem","category-manset","category-politika","tag-ahmet-davutoglu","tag-ahmet-davutoglu-suriye","tag-davutoglu","tag-el-cezire","tag-suriye"],"acf":[],"_links":{"self":[{"href":"https:\/\/www.nationalturk.com\/tr\/wp-json\/wp\/v2\/posts\/231062","targetHints":{"allow":["GET"]}}],"collection":[{"href":"https:\/\/www.nationalturk.com\/tr\/wp-json\/wp\/v2\/posts"}],"about":[{"href":"https:\/\/www.nationalturk.com\/tr\/wp-json\/wp\/v2\/types\/post"}],"author":[{"embeddable":true,"href":"https:\/\/www.nationalturk.com\/tr\/wp-json\/wp\/v2\/users\/4"}],"replies":[{"embeddable":true,"href":"https:\/\/www.nationalturk.com\/tr\/wp-json\/wp\/v2\/comments?post=231062"}],"version-history":[{"count":0,"href":"https:\/\/www.nationalturk.com\/tr\/wp-json\/wp\/v2\/posts\/231062\/revisions"}],"wp:featuredmedia":[{"embeddable":true,"href":"https:\/\/www.nationalturk.com\/tr\/wp-json\/wp\/v2\/media\/231063"}],"wp:attachment":[{"href":"https:\/\/www.nationalturk.com\/tr\/wp-json\/wp\/v2\/media?parent=231062"}],"wp:term":[{"taxonomy":"category","embeddable":true,"href":"https:\/\/www.nationalturk.com\/tr\/wp-json\/wp\/v2\/categories?post=231062"},{"taxonomy":"post_tag","embeddable":true,"href":"https:\/\/www.nationalturk.com\/tr\/wp-json\/wp\/v2\/tags?post=231062"}],"curies":[{"name":"wp","href":"https:\/\/api.w.org\/{rel}","templated":true}]}}