{"id":231131,"date":"2016-05-05T10:26:31","date_gmt":"2016-05-05T07:26:31","guid":{"rendered":"http:\/\/www.nationalturk.com\/?p=231131"},"modified":"2016-05-05T10:26:31","modified_gmt":"2016-05-05T07:26:31","slug":"kilise-isid-saldirisi-suruyor-3-roket-1-yarali","status":"publish","type":"post","link":"https:\/\/www.nationalturk.com\/tr\/kilise-isid-saldirisi-suruyor-3-roket-1-yarali\/","title":{"rendered":"Kilis&#8217;e I\u015e\u0130D sald\u0131r\u0131s\u0131 s\u00fcr\u00fcyor! 3 roket 1 yaral\u0131"},"content":{"rendered":"<h1>Suriye&#8217;deki I\u015e\u0130D mevzilerinden Kilis&#8217;e 3 roket daha at\u0131ld\u0131. 1 ki\u015fi yaralan\u0131rken baz\u0131 bina ve ara\u00e7larda hasar olu\u015ftu.<\/h1>\n<p>Suriye&#8217;den sabah erken saatlerde at\u0131lan roket mermilerinden biri Ya\u015far Akt\u00fcrk Mahallesi&#8217;ndeki Ya\u015far Akt\u00fcrk Mesleki ve Teknik Anadolu Lisesi ile \u0130l Milli E\u011fitim M\u00fcd\u00fcrl\u00fc\u011f\u00fc aras\u0131ndaki duvara, ikincisi ayn\u0131 b\u00f6lgeye yak\u0131n bir soka\u011fa isabet etti.<\/p>\n<p>Patlamada lise ve Milli E\u011fitim M\u00fcd\u00fcrl\u00fc\u011f\u00fc binalar\u0131nda hasar olu\u015ftu.<\/p>\n<p>B\u00f6lgeye sa\u011fl\u0131k ve polis ekipleri sevk edildi.\u00a0Roketin d\u00fc\u015ft\u00fc\u011f\u00fc sokakta yaralanan bir ki\u015fi, 112 Acil Servis ekiplerince Kilis Devlet Hastanesine kald\u0131r\u0131ld\u0131.<\/p>\n<p>Polis ekipleri, \u00e7evrede g\u00fcvenlik \u00f6nlemi ald\u0131. Patlama nedeniyle ara\u00e7 ve binalarda hasar olu\u015ftu.<\/p>\n<p>Bu olaydan yakla\u015f\u0131k 20 dakika sonra Suriye&#8217;den ate\u015flenen \u00fc\u00e7\u00fcnc\u00fc roket mermisi, Necmettin Erbakan Mahallesi&#8217;nde in\u015faat halindeki 5 katl\u0131 binan\u0131n \u00e7at\u0131s\u0131na isabet etti. Binada hasar olu\u015ftu.<\/p>\n<!-- Error, Advert is not available at this time due to schedule\/geolocation restrictions! -->\n","protected":false},"excerpt":{"rendered":"<p>Suriye&#8217;deki I\u015e\u0130D mevzilerinden Kilis&#8217;e 3 roket daha at\u0131ld\u0131. 1 ki\u015fi yaralan\u0131rken baz\u0131 bina ve ara\u00e7larda hasar olu\u015ftu.<\/p>\n","protected":false},"author":4,"featured_media":231132,"comment_status":"open","ping_status":"open","sticky":false,"template":"","format":"standard","meta":{"_acf_changed":false,"footnotes":""},"categories":[6155,5005,349,6805],"tags":[151890,10834,202958],"class_list":["post-231131","post","type-post","status-publish","format-standard","has-post-thumbnail","hentry","category-gundem","category-manset","category-son-dakika","category-turkiye","tag-isid","tag-kilis","tag-kilis-roket"],"acf":[],"_links":{"self":[{"href":"https:\/\/www.nationalturk.com\/tr\/wp-json\/wp\/v2\/posts\/231131","targetHints":{"allow":["GET"]}}],"collection":[{"href":"https:\/\/www.nationalturk.com\/tr\/wp-json\/wp\/v2\/posts"}],"about":[{"href":"https:\/\/www.nationalturk.com\/tr\/wp-json\/wp\/v2\/types\/post"}],"author":[{"embeddable":true,"href":"https:\/\/www.nationalturk.com\/tr\/wp-json\/wp\/v2\/users\/4"}],"replies":[{"embeddable":true,"href":"https:\/\/www.nationalturk.com\/tr\/wp-json\/wp\/v2\/comments?post=231131"}],"version-history":[{"count":0,"href":"https:\/\/www.nationalturk.com\/tr\/wp-json\/wp\/v2\/posts\/231131\/revisions"}],"wp:featuredmedia":[{"embeddable":true,"href":"https:\/\/www.nationalturk.com\/tr\/wp-json\/wp\/v2\/media\/231132"}],"wp:attachment":[{"href":"https:\/\/www.nationalturk.com\/tr\/wp-json\/wp\/v2\/media?parent=231131"}],"wp:term":[{"taxonomy":"category","embeddable":true,"href":"https:\/\/www.nationalturk.com\/tr\/wp-json\/wp\/v2\/categories?post=231131"},{"taxonomy":"post_tag","embeddable":true,"href":"https:\/\/www.nationalturk.com\/tr\/wp-json\/wp\/v2\/tags?post=231131"}],"curies":[{"name":"wp","href":"https:\/\/api.w.org\/{rel}","templated":true}]}}