{"id":231452,"date":"2016-05-10T14:01:58","date_gmt":"2016-05-10T11:01:58","guid":{"rendered":"http:\/\/www.nationalturk.com\/?p=231452"},"modified":"2016-05-10T14:01:58","modified_gmt":"2016-05-10T11:01:58","slug":"besiktas-kupayi-resmen-istedi","status":"publish","type":"post","link":"https:\/\/www.nationalturk.com\/tr\/besiktas-kupayi-resmen-istedi\/","title":{"rendered":"Be\u015fikta\u015f kupay\u0131 resmen istedi"},"content":{"rendered":"<h1>Fenerbah\u00e7e&#8217;nin puan kayb\u0131 sonras\u0131 33. haftada kendi evinde oynayaca\u011f\u0131 Osmanl\u0131spor ma\u00e7\u0131nda \u015fampiyonlu\u011funu garantileme \u015fans\u0131 yakalayan Be\u015fikta\u015f, \u015fampiyonluk kupas\u0131n\u0131n stada getirilmesini talep etti.<\/h1>\n<p>Spor Toto S\u00fcper Lig&#8217;in bitimine 2 hafta kala en yak\u0131n rakibi Fenerbah\u00e7e&#8217;nin 6 puan \u00f6n\u00fcnde yer alan Be\u015fikta\u015f, \u015fampiyonluk haz\u0131rl\u0131klar\u0131na ba\u015flad\u0131.<\/p>\n<p>Siyah beyazl\u0131lar\u0131n \u015fampiyonlu\u011funu resmi olarak ilan etmesi i\u00e7in bu hafta oynanacak Osmanl\u0131spor ma\u00e7\u0131ndan 1 puan \u00e7\u0131karmas\u0131 yeterli olacak. Y\u00f6netim bu durumu g\u00f6z \u00f6n\u00fcnde bulundurarak, \u015fampiyonluk kupas\u0131n\u0131n ma\u00e7 g\u00fcn\u00fc Vodafone Arena&#8217;da olmas\u0131n\u0131 istedi. Olas\u0131 bir \u015fampiyonluk durumunda ma\u00e7\u0131n hemen ard\u0131ndan, taraftar\u0131n\u0131n \u00f6n\u00fcnde kupay\u0131 kald\u0131rmak isteyen Be\u015fikta\u015f&#8217;\u0131n talebini de\u011ferlendirmeye alan T\u00fcrkiye Futbol Federasyonu, cevab\u0131n\u0131 k\u0131sa s\u00fcre i\u00e7inde kul\u00fcbe iletecek.<\/p>\n<p>Be\u015fikta\u015f&#8217;\u0131n TFF&#8217;den bir di\u011fer talebi ise 34. hafta deplasmanda oynayacaklar\u0131 Torku Konyaspor ma\u00e7\u0131yla ilgili oldu. \u015eampiyonlu\u011fun 33. hafta itibari ile kesinle\u015fmesi durumunda son hafta ma\u00e7\u0131n\u0131 Vodafona Arena&#8217;da oynamak isteyen Be\u015fikta\u015f, bu konuda da TFF&#8217;den cevap bekliyor.<\/p>\n<p>Torku Konyaspor ile ma\u00e7\u0131n \u0130stanbul&#8217;da olmas\u0131 konusunda anla\u015fmaya varan Be\u015fikta\u015f y\u00f6netimi, TFF&#8217;nin kabul etmesi durumunda son hafta ma\u00e7\u0131n\u0131 da taraftarlar\u0131n\u0131n \u00f6n\u00fcnde oynayacak.<\/p>\n<!-- Error, Advert is not available at this time due to schedule\/geolocation restrictions! -->\n","protected":false},"excerpt":{"rendered":"<p>Fenerbah\u00e7e&#8217;nin puan kayb\u0131 sonras\u0131 33. haftada kendi evinde oynayaca\u011f\u0131 Osmanl\u0131spor ma\u00e7\u0131nda \u015fampiyonlu\u011funu garantileme \u015fans\u0131 yakalayan Be\u015fikta\u015f, \u015fampiyonluk kupas\u0131n\u0131n stada getirilmesini talep etti.<\/p>\n","protected":false},"author":4,"featured_media":231453,"comment_status":"open","ping_status":"open","sticky":false,"template":"","format":"standard","meta":{"_acf_changed":false,"footnotes":""},"categories":[6774,5005,349,6194],"tags":[1748,181222,93486,99137,6477,140985],"class_list":["post-231452","post","type-post","status-publish","format-standard","has-post-thumbnail","hentry","category-futbol","category-manset","category-son-dakika","category-spor","tag-besiktas","tag-besiktas-kupa","tag-besiktas-sampiyon","tag-sampiyon-besiktas","tag-tff","tag-vodafone-arena"],"acf":[],"_links":{"self":[{"href":"https:\/\/www.nationalturk.com\/tr\/wp-json\/wp\/v2\/posts\/231452","targetHints":{"allow":["GET"]}}],"collection":[{"href":"https:\/\/www.nationalturk.com\/tr\/wp-json\/wp\/v2\/posts"}],"about":[{"href":"https:\/\/www.nationalturk.com\/tr\/wp-json\/wp\/v2\/types\/post"}],"author":[{"embeddable":true,"href":"https:\/\/www.nationalturk.com\/tr\/wp-json\/wp\/v2\/users\/4"}],"replies":[{"embeddable":true,"href":"https:\/\/www.nationalturk.com\/tr\/wp-json\/wp\/v2\/comments?post=231452"}],"version-history":[{"count":0,"href":"https:\/\/www.nationalturk.com\/tr\/wp-json\/wp\/v2\/posts\/231452\/revisions"}],"wp:featuredmedia":[{"embeddable":true,"href":"https:\/\/www.nationalturk.com\/tr\/wp-json\/wp\/v2\/media\/231453"}],"wp:attachment":[{"href":"https:\/\/www.nationalturk.com\/tr\/wp-json\/wp\/v2\/media?parent=231452"}],"wp:term":[{"taxonomy":"category","embeddable":true,"href":"https:\/\/www.nationalturk.com\/tr\/wp-json\/wp\/v2\/categories?post=231452"},{"taxonomy":"post_tag","embeddable":true,"href":"https:\/\/www.nationalturk.com\/tr\/wp-json\/wp\/v2\/tags?post=231452"}],"curies":[{"name":"wp","href":"https:\/\/api.w.org\/{rel}","templated":true}]}}