{"id":231599,"date":"2016-05-12T13:30:31","date_gmt":"2016-05-12T10:30:31","guid":{"rendered":"http:\/\/www.nationalturk.com\/?p=231599"},"modified":"2016-05-12T13:30:31","modified_gmt":"2016-05-12T10:30:31","slug":"kulleri-fethiyeden-denize-atildi","status":"publish","type":"post","link":"https:\/\/www.nationalturk.com\/tr\/kulleri-fethiyeden-denize-atildi\/","title":{"rendered":"K\u00fclleri Fethiye&#8217;den denize at\u0131ld\u0131"},"content":{"rendered":"<h1>\u0130ngiliz vatanda\u015f\u0131 Sandra Dart&#8217;\u0131n (64) k\u00fclleri, vasiyeti \u00fczerine 17 y\u0131l aral\u0131ks\u0131z tatile geldi\u011fi Fethiye&#8217;den denize sa\u00e7\u0131ld\u0131.<\/h1>\n<p>Nefes darl\u0131\u011f\u0131 \u00e7eken Dart, 16 Mart&#8217;da \u0130ngiltere&#8217;de hayat\u0131n\u0131 kaybetti. Dart&#8217;\u0131n bedeni, \u0130ngiltere&#8217;de yak\u0131ld\u0131 ve vasiyeti \u00fczerine k\u00fcllerinin bir k\u0131sm\u0131 yak\u0131nlar\u0131 taraf\u0131ndan Fethiye&#8217;ye getirildi.<\/p>\n<p>\u00c7al\u0131\u015f Mahallesi&#8217;nde d\u00fczenlenen t\u00f6rene Dart&#8217;\u0131n 16 y\u0131ld\u0131r birlikte ya\u015fad\u0131\u011f\u0131 arkada\u015f\u0131 John Ebbles, \u00e7ocuklar\u0131, arkada\u015flar\u0131 ve \u00c7al\u0131\u015f Turizm ve Tan\u0131tma Derne\u011fi (\u00c7al\u0131\u015f-Der) Ba\u015fkan\u0131 Mete Ay kat\u0131ld\u0131.<\/p>\n<p>\u00c7al\u0131\u015f Plaj\u0131&#8217;ndan bir tekneye binen yak\u0131nlar\u0131, ilk olarak \u00fczerinde Dart&#8217;\u0131n foto\u011fraf\u0131 bulunan \u00e7i\u00e7eklerle kapl\u0131 \u00e7elengi denize b\u0131rakt\u0131, daha sonra k\u00fclleri denize d\u00f6k\u00fcp, k\u0131rm\u0131z\u0131 karanfil att\u0131lar.<\/p>\n<p>John Ebbles, gazetecilere yapt\u0131\u011f\u0131 a\u00e7\u0131klamada, Dart&#8217;\u0131n Fethiye&#8217;yi \u00e7ok sevdi\u011fini ve vasiyeti \u00fczerine k\u00fcllerini t\u00f6renle denize b\u0131rakt\u0131klar\u0131n\u0131 s\u00f6yledi.<\/p>\n<p>&#8211; &#8220;T\u00fcrkiye harika bir yer&#8221;<\/p>\n<p>Hayat\u0131n\u0131n geri kalan\u0131n\u0131 \u00c7al\u0131\u015f&#8217;ta ge\u00e7irmeyi planlad\u0131\u011f\u0131n\u0131 anlatan Ebbles, &#8220;T\u00fcrkiye harika bir yer. \u0130nsanlar\u0131 \u00e7ok iyi. Sandra da T\u00fcrkiye&#8217;yi \u00e7ok seviyordu. Burada ya\u015famay\u0131 \u00e7ok istiyorum ama \u00e7al\u0131\u015fmak zorunday\u0131m. Sandra&#8217;n\u0131n burada olmas\u0131ndan \u00e7ok mutluyum.&#8221; dedi.<\/p>\n<p>Ebbles, \u0130ngiltere&#8217;de bir\u00e7ok \u0130ngiliz&#8217;in T\u00fcrkiye hakk\u0131nda \u00e7ok az \u015fey bildi\u011fini, T\u00fcrkiye&#8217;nin \u00e7ok g\u00fczel ve g\u00fcvenli bir \u00fclke oldu\u011funu vurgulad\u0131.<\/p>\n<p>\u0130ngiltere&#8217;de hayat\u0131n\u0131 kaybeden Sandra Dart&#8217;\u0131n \u00f6zlemini duydu\u011fu \u00c7al\u0131\u015f ve T\u00fcrkiye ile bulu\u015ftu\u011funu ifade eden \u00c7al\u0131\u015f-Der Ba\u015fkan\u0131 Mete Ay ise &#8220;Bir \u0130ngiliz&#8217;in bu vasiyeti vermesi \u00e7ok \u00f6nemli. Turizmciler yabanc\u0131lara o kadar iyi davran\u0131yorlar ve g\u00fczel ili\u015fkiler kuruyor ki \u00f6ld\u00fcklerinde &#8216;Benim k\u00fcllerimi buraya at\u0131n&#8217; diyebiliyorlar.&#8221; diye konu\u015ftu.<\/p>\n<!-- Error, Advert is not available at this time due to schedule\/geolocation restrictions! -->\n","protected":false},"excerpt":{"rendered":"<p>\u0130ngiliz vatanda\u015f\u0131 Sandra Dart&#8217;\u0131n (64) k\u00fclleri, vasiyeti \u00fczerine 17 y\u0131l aral\u0131ks\u0131z tatile geldi\u011fi Fethiye&#8217;den denize sa\u00e7\u0131ld\u0131.<\/p>\n","protected":false},"author":4,"featured_media":231600,"comment_status":"open","ping_status":"open","sticky":false,"template":"","format":"standard","meta":{"_acf_changed":false,"footnotes":""},"categories":[6155,5005,6662],"tags":[706,1874],"class_list":["post-231599","post","type-post","status-publish","format-standard","has-post-thumbnail","hentry","category-gundem","category-manset","category-yasam","tag-fethiye","tag-ingiltere"],"acf":[],"_links":{"self":[{"href":"https:\/\/www.nationalturk.com\/tr\/wp-json\/wp\/v2\/posts\/231599","targetHints":{"allow":["GET"]}}],"collection":[{"href":"https:\/\/www.nationalturk.com\/tr\/wp-json\/wp\/v2\/posts"}],"about":[{"href":"https:\/\/www.nationalturk.com\/tr\/wp-json\/wp\/v2\/types\/post"}],"author":[{"embeddable":true,"href":"https:\/\/www.nationalturk.com\/tr\/wp-json\/wp\/v2\/users\/4"}],"replies":[{"embeddable":true,"href":"https:\/\/www.nationalturk.com\/tr\/wp-json\/wp\/v2\/comments?post=231599"}],"version-history":[{"count":0,"href":"https:\/\/www.nationalturk.com\/tr\/wp-json\/wp\/v2\/posts\/231599\/revisions"}],"wp:featuredmedia":[{"embeddable":true,"href":"https:\/\/www.nationalturk.com\/tr\/wp-json\/wp\/v2\/media\/231600"}],"wp:attachment":[{"href":"https:\/\/www.nationalturk.com\/tr\/wp-json\/wp\/v2\/media?parent=231599"}],"wp:term":[{"taxonomy":"category","embeddable":true,"href":"https:\/\/www.nationalturk.com\/tr\/wp-json\/wp\/v2\/categories?post=231599"},{"taxonomy":"post_tag","embeddable":true,"href":"https:\/\/www.nationalturk.com\/tr\/wp-json\/wp\/v2\/tags?post=231599"}],"curies":[{"name":"wp","href":"https:\/\/api.w.org\/{rel}","templated":true}]}}