{"id":231969,"date":"2016-05-18T17:55:52","date_gmt":"2016-05-18T14:55:52","guid":{"rendered":"http:\/\/www.nationalturk.com\/?p=231969"},"modified":"2016-05-18T17:55:52","modified_gmt":"2016-05-18T14:55:52","slug":"prof-sen-afrika-sicaklari-60-gun-kavuracak","status":"publish","type":"post","link":"https:\/\/www.nationalturk.com\/tr\/prof-sen-afrika-sicaklari-60-gun-kavuracak\/","title":{"rendered":"Prof. \u015een: Afrika s\u0131caklar\u0131 60 g\u00fcn kavuracak"},"content":{"rendered":"<h1>Prof. Dr. Orhan \u015een, d\u00fcnya genelinde \u00f6nemli s\u0131cak art\u0131\u015f\u0131 beklendi\u011fini ifade ederek &#8220;Afrika s\u0131caklar\u0131 \u00fclkemizi kavuracak&#8221; dedi.<\/h1>\n<p>\u0130stanbul Teknik \u00dcniversitesi (\u0130T\u00dc) U\u00e7ak ve Uzay Bilimleri Fak\u00fcltesi Meteoroloji M\u00fchendisli\u011fi B\u00f6l\u00fcm\u00fc \u00d6\u011fretim \u00dcyesi Prof. Dr. Orhan \u015een, gelecek haftadan itibaren t\u00fcm d\u00fcnyada s\u0131cakl\u0131klarda \u00f6nemli art\u0131\u015f beklediklerini belirterek, &#8221;T\u00fcrkiye&#8217;de de yaz aylar\u0131n\u0131 90 g\u00fcn sayarsak, bunun 60 g\u00fcn\u00fc \u00e7ok s\u0131cak ge\u00e7ecek. Afrika s\u0131caklar\u0131 \u00fclkemizi kavuracak.&#8221; dedi.<\/p>\n<p>\u015een, AA muhabirine yapt\u0131\u011f\u0131 a\u00e7\u0131klamada, d\u00fcnyadaki s\u0131cakl\u0131k art\u0131\u015f\u0131nda en \u00f6nemli etkenin sera gazlar\u0131n\u0131n atmosferdeki miktar\u0131n\u0131n artmas\u0131 oldu\u011funu s\u00f6yledi.<\/p>\n<p>Bu yaz s\u0131cakl\u0131klar\u0131n mevsim normallerinin \u00fczerinde seyredece\u011fini vurgulayan \u015een, \u015f\u00f6yle devam etti:<\/p>\n<p>&#8221;2016 y\u0131l\u0131 sadece T\u00fcrkiye&#8217;de de\u011fil t\u00fcm d\u00fcnyada \u00e7ok s\u0131cak ge\u00e7iyor. El Nino&#8217;nun etkisi \u00e7ok fazla. Art\u0131k k\u00fcresel \u0131s\u0131nma da var. Bunlar bir araya geldi mi b\u00f6yle bir durum ya\u015fan\u0131yor. T\u00fcrkiye&#8217;de de yaz aylar\u0131n\u0131 90 g\u00fcn sayarsak, bunun 60 g\u00fcn\u00fc \u00e7ok s\u0131cak ge\u00e7ecek. Afrika s\u0131caklar\u0131 \u00fclkemizi kavuracak. Bu aylar\u0131n i\u00e7erisine ramazan ay\u0131 da denk geliyor. Ramazan ay\u0131n\u0131n a\u015f\u0131r\u0131 s\u0131cak ge\u00e7mesini bekliyoruz. S\u0131cakl\u0131k rekorlar\u0131 k\u0131r\u0131labilir.&#8221;<\/p>\n<p>Afrika s\u0131caklar\u0131na kar\u015f\u0131 vatanda\u015flar\u0131n da pek fazla yapabilece\u011fi bir \u015fey olmad\u0131\u011f\u0131n\u0131 ifade eden \u015een, sa\u011fl\u0131k sorunu olan ki\u015filerin \u00e7ok s\u0131cak havalarda d\u0131\u015far\u0131 \u00e7\u0131kmamas\u0131n\u0131 ve serin alanlarda zaman ge\u00e7irmesi \u00f6nerdi.<\/p>\n<p>\u015een, Afrika s\u0131cakl\u0131klar\u0131n\u0131n sadece T\u00fcrkiye&#8217;de de\u011fil, Avrupa ve Rusya&#8217;da da etkili olaca\u011f\u0131n\u0131 aktard\u0131.<\/p>\n<p>Son g\u00fcnlerde baz\u0131 b\u00f6lgelerde dolunun etkili oldu\u011funu dile getiren \u015een, hava s\u0131cakl\u0131klar\u0131n\u0131n bir anda d\u00fc\u015fmesiyle dolu ve iri ya\u011f\u0131\u015flar\u0131n olu\u015ftu\u011funu, bunun da ekinlere zarar verdi\u011fini aktard\u0131.<\/p>\n<p>\u015een, hafta sonu hava s\u0131cakl\u0131klar\u0131n\u0131n birka\u00e7 derece azalaca\u011f\u0131n\u0131 ve mevsim normallerine d\u00fc\u015fece\u011fini belirterek, &#8220;Birka\u00e7 g\u00fcn i\u00e7inde Karadeniz B\u00f6lgesi&#8217;nin i\u00e7 kesimleri ve \u0130\u00e7 Anadolu&#8217;nun kuzeyinde sa\u011fanak etkili olacak. Vatanda\u015flar\u0131m\u0131z sele kar\u015f\u0131 dikkatli ve tedbirli olmal\u0131.&#8221; diye konu\u015ftu.<\/p>\n<span style=\"font-weight: bold; color: #f00;\">Error, group does not exist! Check your syntax! (ID: 62)<\/span>\n","protected":false},"excerpt":{"rendered":"<p>Prof. Dr. Orhan \u015een, d\u00fcnya genelinde \u00f6nemli s\u0131cak art\u0131\u015f\u0131 beklendi\u011fini ifade ederek &#8220;Afrika s\u0131caklar\u0131 \u00fclkemizi kavuracak&#8221; dedi.<\/p>\n","protected":false},"author":4,"featured_media":231970,"comment_status":"open","ping_status":"open","sticky":false,"template":"","format":"standard","meta":{"_acf_changed":false,"footnotes":""},"categories":[6155,5005,6805],"tags":[18392,163909,721,73698,132694],"class_list":["post-231969","post","type-post","status-publish","format-standard","has-post-thumbnail","hentry","category-gundem","category-manset","category-turkiye","tag-itu","tag-orhan-sen","tag-rusya","tag-sicak-hava","tag-sicak-hava-dalgasi"],"acf":[],"_links":{"self":[{"href":"https:\/\/www.nationalturk.com\/tr\/wp-json\/wp\/v2\/posts\/231969","targetHints":{"allow":["GET"]}}],"collection":[{"href":"https:\/\/www.nationalturk.com\/tr\/wp-json\/wp\/v2\/posts"}],"about":[{"href":"https:\/\/www.nationalturk.com\/tr\/wp-json\/wp\/v2\/types\/post"}],"author":[{"embeddable":true,"href":"https:\/\/www.nationalturk.com\/tr\/wp-json\/wp\/v2\/users\/4"}],"replies":[{"embeddable":true,"href":"https:\/\/www.nationalturk.com\/tr\/wp-json\/wp\/v2\/comments?post=231969"}],"version-history":[{"count":0,"href":"https:\/\/www.nationalturk.com\/tr\/wp-json\/wp\/v2\/posts\/231969\/revisions"}],"wp:featuredmedia":[{"embeddable":true,"href":"https:\/\/www.nationalturk.com\/tr\/wp-json\/wp\/v2\/media\/231970"}],"wp:attachment":[{"href":"https:\/\/www.nationalturk.com\/tr\/wp-json\/wp\/v2\/media?parent=231969"}],"wp:term":[{"taxonomy":"category","embeddable":true,"href":"https:\/\/www.nationalturk.com\/tr\/wp-json\/wp\/v2\/categories?post=231969"},{"taxonomy":"post_tag","embeddable":true,"href":"https:\/\/www.nationalturk.com\/tr\/wp-json\/wp\/v2\/tags?post=231969"}],"curies":[{"name":"wp","href":"https:\/\/api.w.org\/{rel}","templated":true}]}}