{"id":232008,"date":"2016-05-19T13:33:18","date_gmt":"2016-05-19T10:33:18","guid":{"rendered":"http:\/\/www.nationalturk.com\/?p=232008"},"modified":"2016-05-19T13:34:38","modified_gmt":"2016-05-19T10:34:38","slug":"resmen-aciklandi-basbakan-binali-yildirim","status":"publish","type":"post","link":"https:\/\/www.nationalturk.com\/tr\/resmen-aciklandi-basbakan-binali-yildirim\/","title":{"rendered":"Resmen a\u00e7\u0131kland\u0131: Ba\u015fbakan Binali Y\u0131ld\u0131r\u0131m"},"content":{"rendered":"<h1>AKP s\u00f6zc\u00fcs\u00fc \u00d6mer \u00c7elik, MKYK toplant\u0131s\u0131 sonras\u0131 Genel Ba\u015fkan aday\u0131 ve Ba\u015fbakan olarak Binali Y\u0131ld\u0131r\u0131m ismini a\u00e7\u0131klad\u0131.<\/h1>\n<p>\u00d6mer \u00c7elik&#8217;in konu\u015fmas\u0131;<\/p>\n<p>19 May\u0131s Atat\u00fcrk\u2019\u00fcn Anma Gen\u00e7lik ve Spor Bayram\u0131 kutlu olsun. Bug\u00fcnlerde hepimizin beraber ya\u015fad\u0131\u011f\u0131 bir s\u00fcre\u00e7 var, T\u00fcrkiye Cumhuriyetimizin tehdit alt\u0131nda oldu\u011fu bir d\u00f6nemde kahraman evlatlar\u0131m\u0131z \u015fehit oluyorlar. Hepsini buradan yad ediyoruz. Gazilerimize \u015f\u00fckranlar\u0131m\u0131z\u0131 iletiyoruz. \u015eehit ve gazi ailelerimize en i\u00e7ten duygular\u0131m\u0131z\u0131 iletiyoruz. Ge\u00e7en g\u00fcn Diyarbak\u0131r\u2019da \u015fehit olan vatanda\u015flar\u0131m\u0131za rahmet diliyoruz.<\/p>\n<p>AK Parti\u2019nin bu genel merkezi tarihin seyredildi\u011fi de\u011fil, tarihin yaz\u0131ld\u0131\u011f\u0131 ve d\u00fcnyan\u0131n siyasi tarihine katk\u0131 yap\u0131ld\u0131\u011f\u0131 bir genel merkezdir. Bu kadro kurucu genel ba\u015fkan\u0131m\u0131z\u0131n, liderimizin \u00f6nc\u00fcl\u00fc\u011f\u00fcnde ilerlemektedir. Buradan kendisine de sayg\u0131lar\u0131m\u0131z\u0131 iletiyoruz. Cumhurba\u015fkan\u0131m\u0131zla AK Parti kadrolar\u0131 aras\u0131nda nas\u0131l bir ili\u015fki var tart\u0131\u015fmas\u0131n\u0131 muhalefet partileri y\u00fcr\u00fct\u00fcyorlar. Bu tart\u0131\u015fmay\u0131 bitirmenin zaman\u0131 gelmi\u015ftir.<\/p>\n<p>Say\u0131n cumhurba\u015fkan\u0131m\u0131zla AK parti kadrolar\u0131 aras\u0131nda bir milim bile mesafe yoktur d\u00fcn olmam\u0131\u015ft\u0131r bundan sonra da olmayacakt\u0131r\u2026AK Parti deyince d\u00fcnya markas\u0131 olmu\u015f bir siyasi partiden bahsediyoruz.<\/p>\n<p>AK Parti deyince bir d\u00fcnya markas\u0131ndan bahsediyoruz. Bu parti T\u00fcrkiye siyasetinin gelmi\u015f ge\u00e7mi\u015f en b\u00fcy\u00fck markas\u0131 oldu\u011funu teyit etti. Referans verilen bir organizasyon olmada da devam ediyor. AK Parti bizim tarihteki kutlu y\u00fcr\u00fcy\u00fc\u015f\u00fcm\u00fcz\u00fcn bu zaman dilimindeki en g\u00fc\u00e7l\u00fc nefesidir. AK Parti herkesin kendisi i\u00e7in dayanak buldu\u011fu, \u0131\u015f\u0131k buldu\u011fu bir vizyonun ad\u0131d\u0131r.<\/p>\n<p>Milletimizi millet yapan dinamiklerimizin demlenmi\u015f halidir. D\u00fcn yap\u0131lanlarla yar\u0131n yap\u0131lacaklar aras\u0131ndaki en sa\u011flam k\u00f6pr\u00fc olarak dimdik ayakta olmaya devam edecektir. AK Parti sadece bir siyasi partinin iktidara gelmesi i\u00e7in u\u011fra\u015fan bir kadronun partisi de\u011fildir. Tarihten bu yana devam eden bir yolun ad\u0131d\u0131r. Biz AK Parti\u2019de siyaset yapanlar Allah\u2019tan ve milletten ba\u015fka kimseden talimat almayan bir kadroyuz.<\/p>\n<p>\u00c7e\u015fitli a\u015famalardan ge\u00e7tik, \u00e7e\u015fitli a\u015famalarda bu kadro direndi. \u00d6n s\u0131ralarda oturanlar de\u011fil, mahalle delegelerimiz, o se\u00e7imlerde ad\u0131 san\u0131 bilinmeden bu millet i\u00e7in ko\u015fturanlar bu ba\u015far\u0131n\u0131n ger\u00e7ek sahipleridir. Yeni bir a\u015famaday\u0131z, kongreye gidiyoruz. Say\u0131n ba\u015fbakan\u0131m\u0131z aday olmayacaklar\u0131n\u0131 a\u00e7\u0131klad\u0131lar.<br \/>\nKendilerine \u015fimdiye kadar yapt\u0131klar\u0131 i\u00e7in te\u015fekk\u00fcrlerimizi sunuyoruz. Kurucu genel ba\u015fkan\u0131m\u0131z\u0131n, liderimizin cumhurba\u015fkan\u0131 olmas\u0131ndan sonra kimin genel ba\u015fkan olaca\u011f\u0131na dair bir temay\u00fcl olu\u015fmu\u015ftu. Bu temay\u00fcl burada da uyguland\u0131. \u0130sti\u015fareler sonucunda bir tablo ortaya \u00e7\u0131km\u0131\u015ft\u0131r. \u00c7ok de\u011ferli arkada\u015f\u0131m\u0131z Say\u0131n Binali Y\u0131ld\u0131r\u0131m\u2026<\/p>\n<p>Ba\u015far\u0131lar\u0131yla b\u00fct\u00fcn bakanl\u0131k hayat\u0131 boyunca, bu kadro ile birlikte yola \u00e7\u0131kan ilk isimlerden biridir kendisi. Milletle beraber y\u00fcr\u00fcyen, \u00e7ok de\u011ferli bir devlet adam\u0131 olarak bug\u00fcnlere gelmi\u015ftir. AK Parti Genel Ba\u015fkanl\u0131\u011f\u0131\u2019na adayl\u0131\u011f\u0131 \u00e7ok b\u00fcy\u00fck bir mutabakatla ortaya \u00e7\u0131km\u0131\u015ft\u0131r. Birlik, beraberlik i\u00e7inde, yorulmay\u0131 bir utan\u00e7 sayarak, t\u00fcm arkada\u015flar\u0131m ad\u0131na kendilerine hay\u0131rl\u0131 olsun, Allah mahcup etmesin diyorum.&#8221;<\/p>\n<p>Binali Y\u0131ld\u0131r\u0131m ise \u015funlar\u0131 s\u00f6yledi:<\/p>\n<p>&#8220;Evet \u015fimdi akl\u0131ma bir \u015fey geldi, Temel konu\u015fmaya yapmaya haz\u0131rlan\u0131yormu\u015f. K\u00fcrs\u00fcye \u00e7\u0131km\u0131\u015f bakm\u0131\u015f ki konu\u015fmas\u0131 yok. Benim ki gibi. Sonra d\u00f6nm\u00fc\u015f demi\u015f ki toplulu\u011fa buraya \u00e7\u0131karken konu\u015fmam\u0131 bir Allah biliyordu bir ben.<\/p>\n<p>\u015eimdi bir Allah biliyor. \u00c7ok de\u011ferli dava arkada\u015flar\u0131, aziz milletim, de\u011ferli bas\u0131n mensuplar\u0131 . s\u00f6zlerimin ba\u015f\u0131nda 19 May\u0131s Atat\u00fcrk\u2019\u00fc anma gen\u00e7lik ve spor bayram\u0131m\u0131z\u0131 tebrik ediyorum.&#8221;<\/p>\n<!-- Error, Advert is not available at this time due to schedule\/geolocation restrictions! -->\n","protected":false},"excerpt":{"rendered":"<p>AKP s\u00f6zc\u00fcs\u00fc \u00d6mer \u00c7elik, MKYK toplant\u0131s\u0131 sonras\u0131 Genel Ba\u015fkan aday\u0131 ve Ba\u015fbakan olarak Binali Y\u0131ld\u0131r\u0131m ismini a\u00e7\u0131klad\u0131. <\/p>\n","protected":false},"author":4,"featured_media":232013,"comment_status":"open","ping_status":"open","sticky":false,"template":"","format":"standard","meta":{"_acf_changed":false,"footnotes":""},"categories":[763],"tags":[9476,205298,1079,18480],"class_list":["post-232008","post","type-post","status-publish","format-standard","has-post-thumbnail","hentry","category-gunun-olayi","tag-akp","tag-basbakan-binali-yildirim","tag-binali-yildirim","tag-omer-celik"],"acf":[],"_links":{"self":[{"href":"https:\/\/www.nationalturk.com\/tr\/wp-json\/wp\/v2\/posts\/232008","targetHints":{"allow":["GET"]}}],"collection":[{"href":"https:\/\/www.nationalturk.com\/tr\/wp-json\/wp\/v2\/posts"}],"about":[{"href":"https:\/\/www.nationalturk.com\/tr\/wp-json\/wp\/v2\/types\/post"}],"author":[{"embeddable":true,"href":"https:\/\/www.nationalturk.com\/tr\/wp-json\/wp\/v2\/users\/4"}],"replies":[{"embeddable":true,"href":"https:\/\/www.nationalturk.com\/tr\/wp-json\/wp\/v2\/comments?post=232008"}],"version-history":[{"count":0,"href":"https:\/\/www.nationalturk.com\/tr\/wp-json\/wp\/v2\/posts\/232008\/revisions"}],"wp:featuredmedia":[{"embeddable":true,"href":"https:\/\/www.nationalturk.com\/tr\/wp-json\/wp\/v2\/media\/232013"}],"wp:attachment":[{"href":"https:\/\/www.nationalturk.com\/tr\/wp-json\/wp\/v2\/media?parent=232008"}],"wp:term":[{"taxonomy":"category","embeddable":true,"href":"https:\/\/www.nationalturk.com\/tr\/wp-json\/wp\/v2\/categories?post=232008"},{"taxonomy":"post_tag","embeddable":true,"href":"https:\/\/www.nationalturk.com\/tr\/wp-json\/wp\/v2\/tags?post=232008"}],"curies":[{"name":"wp","href":"https:\/\/api.w.org\/{rel}","templated":true}]}}