{"id":232204,"date":"2016-05-23T17:25:26","date_gmt":"2016-05-23T14:25:26","guid":{"rendered":"http:\/\/www.nationalturk.com\/?p=232204"},"modified":"2016-05-23T17:25:26","modified_gmt":"2016-05-23T14:25:26","slug":"cagla-buyukakcaydan-bir-tarihi-zafer-daha","status":"publish","type":"post","link":"https:\/\/www.nationalturk.com\/tr\/cagla-buyukakcaydan-bir-tarihi-zafer-daha\/","title":{"rendered":"\u00c7a\u011fla B\u00fcy\u00fckak\u00e7ay&#8217;dan bir tarihi zafer daha"},"content":{"rendered":"<h1>Roland Garros&#8217;ta ana tabloya kalarak bir ilki ger\u00e7ekle\u015ftiren \u00c7a\u011fla B\u00fcy\u00fckak\u00e7ay Belaruslu rakibini de yenerek ana tabloda 2. tura y\u00fckseldi.<\/h1>\n<p>Avustralya A\u00e7\u0131k, Wimbledon ve ABD A\u00e7\u0131k ile tenis sezonunun en \u00f6nemli d\u00f6rt turnuvas\u0131ndan biri olan Roland Garros&#8217;un ana tablo ma\u00e7lar\u0131 ba\u015flad\u0131.<\/p>\n<p>\u00c7a\u011fla B\u00fcy\u00fckak\u00e7ay ve \u0130pek Soylu, Roland Garros&#8217;ta elemeleri ge\u00e7erek &#8220;bir grand slamde ana tablo ma\u00e7\u0131na \u00e7\u0131kan ilk T\u00fcrk kad\u0131n tenis\u00e7iler&#8221; olmu\u015ftu.\u00a0D\u00fcnya 85 numaras\u0131 \u00c7a\u011fla, ilk turda d\u00fcnya 100&#8217;\u00fcnc\u00fcs\u00fc Belaruslu Aliaksandra Sasnovich ile kar\u015f\u0131la\u015ft\u0131.<\/p>\n<p>Kar\u015f\u0131la\u015fma iki kez ya\u011fmur nedeniyle durduruldu. \u0130lk seti 7-5 kaybeden \u00c7a\u011fla&#8217;n\u0131n ma\u00e7\u0131nda ikinci set 5-5 iken m\u00fcsabaka ya\u011fmur dolay\u0131s\u0131yla ertelendi. \u0130ki saatten fazla aradan sonra tekrar ba\u015flayan ma\u00e7\u0131n ikinci seti \u00c7a\u011fla&#8217;n\u0131n \u00fcst\u00fcnl\u00fc\u011f\u00fcyle 7-6 sona erdi. \u00dc\u00e7\u00fcnc\u00fc set 2-1 Belaruslu sporcunun \u00fcst\u00fcnl\u00fc\u011f\u00fcyle devam ederken, ya\u011f\u0131\u015f\u0131n artmas\u0131 dolay\u0131s\u0131yla ma\u00e7 ertelendi.<\/p>\n<p>\u00c7a\u011fla B\u00fcy\u00fckak\u00e7ay, d\u00fcn ya\u011fmur nedeniyle ertelenen ma\u00e7ta, Sasnovich kar\u015f\u0131s\u0131nda son seti 6-2 alarak ma\u00e7tan 2-1 galip ayr\u0131ld\u0131 ve tarihinde ilk kez kat\u0131ld\u0131\u011f\u0131 ve ana tabloya kald\u0131\u011f\u0131 Fransa Roland Garros Tenis Turnuvas\u0131&#8217;nda 2. tura y\u00fckseldi.<\/p>\n","protected":false},"excerpt":{"rendered":"<p>Roland Garros&#8217;ta ana tabloya kalarak bir ilki ger\u00e7ekle\u015ftiren \u00c7a\u011fla B\u00fcy\u00fckak\u00e7ay Belaruslu rakibini de yenerek ana tabloda 2. tura y\u00fckseldi.<\/p>\n","protected":false},"author":4,"featured_media":232205,"comment_status":"open","ping_status":"open","sticky":false,"template":"","format":"standard","meta":{"_acf_changed":false,"footnotes":""},"categories":[5005,349,6194,6778],"tags":[35578,205555,17,162855,31583],"class_list":["post-232204","post","type-post","status-publish","format-standard","has-post-thumbnail","hentry","category-manset","category-son-dakika","category-spor","category-tenis","tag-cagla-buyukakcay","tag-cagla-buyukakcay-fransa","tag-fransa","tag-fransa-acik","tag-roland-garros"],"acf":[],"_links":{"self":[{"href":"https:\/\/www.nationalturk.com\/tr\/wp-json\/wp\/v2\/posts\/232204","targetHints":{"allow":["GET"]}}],"collection":[{"href":"https:\/\/www.nationalturk.com\/tr\/wp-json\/wp\/v2\/posts"}],"about":[{"href":"https:\/\/www.nationalturk.com\/tr\/wp-json\/wp\/v2\/types\/post"}],"author":[{"embeddable":true,"href":"https:\/\/www.nationalturk.com\/tr\/wp-json\/wp\/v2\/users\/4"}],"replies":[{"embeddable":true,"href":"https:\/\/www.nationalturk.com\/tr\/wp-json\/wp\/v2\/comments?post=232204"}],"version-history":[{"count":0,"href":"https:\/\/www.nationalturk.com\/tr\/wp-json\/wp\/v2\/posts\/232204\/revisions"}],"wp:featuredmedia":[{"embeddable":true,"href":"https:\/\/www.nationalturk.com\/tr\/wp-json\/wp\/v2\/media\/232205"}],"wp:attachment":[{"href":"https:\/\/www.nationalturk.com\/tr\/wp-json\/wp\/v2\/media?parent=232204"}],"wp:term":[{"taxonomy":"category","embeddable":true,"href":"https:\/\/www.nationalturk.com\/tr\/wp-json\/wp\/v2\/categories?post=232204"},{"taxonomy":"post_tag","embeddable":true,"href":"https:\/\/www.nationalturk.com\/tr\/wp-json\/wp\/v2\/tags?post=232204"}],"curies":[{"name":"wp","href":"https:\/\/api.w.org\/{rel}","templated":true}]}}